{"id":60945,"date":"2026-04-20T15:48:59","date_gmt":"2026-04-20T18:48:59","guid":{"rendered":"http:\/\/masquenoticiastucuman.com.ar\/?p=60945"},"modified":"2026-04-20T15:48:59","modified_gmt":"2026-04-20T18:48:59","slug":"el-gobierno-cubano-confirma-que-una-delegacion-de-estados-unidos-estuvo-en-el-pais-para-conversaciones-bilaterales","status":"publish","type":"post","link":"https:\/\/masquenoticiastucuman.com.ar\/?p=60945","title":{"rendered":"El gobierno cubano confirma que una delegaci\u00f3n de Estados Unidos estuvo en el pa\u00eds para conversaciones bilaterales"},"content":{"rendered":"<ul>\n<li>Lo revel\u00f3 Alejandro Garc\u00eda del Toro, subdirector de asuntos estadounidenses de la Canciller\u00eda cubana.<\/li>\n<li>&#8220;No hubo tono o planteamiento impositivo alguno, tampoco plazos conminatorios contrario a lo que se ha dicho por algunos medios de prensa\u201d, agreg\u00f3 el diplom\u00e1tico. \u201cEl intercambio fue serio y respetuoso\u201d.<\/li>\n<\/ul>\n<p>\u200bLo revel\u00f3 Alejandro Garc\u00eda del Toro, subdirector de asuntos estadounidenses de la Canciller\u00eda cubana.&#8221;No hubo tono o planteamiento impositivo alguno, tampoco plazos conminatorios contrario a lo que se ha dicho por algunos medios de prensa\u201d, agreg\u00f3 el diplom\u00e1tico. \u201cEl intercambio fue serio y respetuoso\u201d.\u00a0<a href=\"https:\/\/www.clarin.com\/mundo\/gobierno-cubano-confirma-delegacion-estados-unidos-pais-conversaciones-bilaterales_0_YCFkHdHBnR.html\" target=\"_blank\" class=\"feedzy-rss-link-icon\">Read More<\/a><\/p>","protected":false},"excerpt":{"rendered":"<p>Lo revel\u00f3 Alejandro Garc\u00eda del Toro, subdirector de asuntos estadounidenses de la Canciller\u00eda cubana. &#8220;No&#8230;<\/p>\n","protected":false},"author":1,"featured_media":60946,"comment_status":"open","ping_status":"open","sticky":false,"template":"","format":"standard","meta":{"footnotes":""},"categories":[4],"tags":[],"class_list":["post-60945","post","type-post","status-publish","format-standard","has-post-thumbnail","hentry","category-internacionales"],"_links":{"self":[{"href":"https:\/\/masquenoticiastucuman.com.ar\/index.php?rest_route=\/wp\/v2\/posts\/60945","targetHints":{"allow":["GET"]}}],"collection":[{"href":"https:\/\/masquenoticiastucuman.com.ar\/index.php?rest_route=\/wp\/v2\/posts"}],"about":[{"href":"https:\/\/masquenoticiastucuman.com.ar\/index.php?rest_route=\/wp\/v2\/types\/post"}],"author":[{"embeddable":true,"href":"https:\/\/masquenoticiastucuman.com.ar\/index.php?rest_route=\/wp\/v2\/users\/1"}],"replies":[{"embeddable":true,"href":"https:\/\/masquenoticiastucuman.com.ar\/index.php?rest_route=%2Fwp%2Fv2%2Fcomments&post=60945"}],"version-history":[{"count":0,"href":"https:\/\/masquenoticiastucuman.com.ar\/index.php?rest_route=\/wp\/v2\/posts\/60945\/revisions"}],"wp:featuredmedia":[{"embeddable":true,"href":"https:\/\/masquenoticiastucuman.com.ar\/index.php?rest_route=\/wp\/v2\/media\/60946"}],"wp:attachment":[{"href":"https:\/\/masquenoticiastucuman.com.ar\/index.php?rest_route=%2Fwp%2Fv2%2Fmedia&parent=60945"}],"wp:term":[{"taxonomy":"category","embeddable":true,"href":"https:\/\/masquenoticiastucuman.com.ar\/index.php?rest_route=%2Fwp%2Fv2%2Fcategories&post=60945"},{"taxonomy":"post_tag","embeddable":true,"href":"https:\/\/masquenoticiastucuman.com.ar\/index.php?rest_route=%2Fwp%2Fv2%2Ftags&post=60945"}],"curies":[{"name":"wp","href":"https:\/\/api.w.org\/{rel}","templated":true}]}}