{"id":60949,"date":"2026-04-20T16:03:37","date_gmt":"2026-04-20T19:03:37","guid":{"rendered":"http:\/\/masquenoticiastucuman.com.ar\/?p=60949"},"modified":"2026-04-20T16:03:37","modified_gmt":"2026-04-20T19:03:37","slug":"el-picante-posteo-de-donofrio-el-ex-presidente-de-river-tras-la-polemica-final-en-el-superclasico-y-la-bronca-con-el-var-paletta","status":"publish","type":"post","link":"https:\/\/masquenoticiastucuman.com.ar\/?p=60949","title":{"rendered":"El picante posteo de D&#8217;Onofrio, el ex presidente de River, tras la pol\u00e9mica final en el Supercl\u00e1sico y la bronca con el VAR Paletta"},"content":{"rendered":"<ul>\n<li>El mandatario que llev\u00f3 a su \u00faltima \u00e9poca dorada al club se expres\u00f3 en sus redes sociales.<\/li>\n<li>Qu\u00e9 posici\u00f3n tomar\u00e1 la instituci\u00f3n respecto de la AFA.<\/li>\n<\/ul>\n<p>\u200bEl mandatario que llev\u00f3 a su \u00faltima \u00e9poca dorada al club se expres\u00f3 en sus redes sociales.Qu\u00e9 posici\u00f3n tomar\u00e1 la instituci\u00f3n respecto de la AFA.\u00a0<a href=\"https:\/\/www.clarin.com\/deportes\/picante-posteo-donofrio-ex-presidente-river-polemica-final-superclasico-bronca-var-paletta_0_xduqQzzInx.html\" target=\"_blank\" class=\"feedzy-rss-link-icon\">Read More<\/a><\/p>","protected":false},"excerpt":{"rendered":"<p>El mandatario que llev\u00f3 a su \u00faltima \u00e9poca dorada al club se expres\u00f3 en sus&#8230;<\/p>\n","protected":false},"author":1,"featured_media":0,"comment_status":"open","ping_status":"open","sticky":false,"template":"","format":"standard","meta":{"footnotes":""},"categories":[6],"tags":[],"class_list":["post-60949","post","type-post","status-publish","format-standard","has-post-thumbnail","hentry","category-deportes"],"_links":{"self":[{"href":"https:\/\/masquenoticiastucuman.com.ar\/index.php?rest_route=\/wp\/v2\/posts\/60949","targetHints":{"allow":["GET"]}}],"collection":[{"href":"https:\/\/masquenoticiastucuman.com.ar\/index.php?rest_route=\/wp\/v2\/posts"}],"about":[{"href":"https:\/\/masquenoticiastucuman.com.ar\/index.php?rest_route=\/wp\/v2\/types\/post"}],"author":[{"embeddable":true,"href":"https:\/\/masquenoticiastucuman.com.ar\/index.php?rest_route=\/wp\/v2\/users\/1"}],"replies":[{"embeddable":true,"href":"https:\/\/masquenoticiastucuman.com.ar\/index.php?rest_route=%2Fwp%2Fv2%2Fcomments&post=60949"}],"version-history":[{"count":0,"href":"https:\/\/masquenoticiastucuman.com.ar\/index.php?rest_route=\/wp\/v2\/posts\/60949\/revisions"}],"wp:attachment":[{"href":"https:\/\/masquenoticiastucuman.com.ar\/index.php?rest_route=%2Fwp%2Fv2%2Fmedia&parent=60949"}],"wp:term":[{"taxonomy":"category","embeddable":true,"href":"https:\/\/masquenoticiastucuman.com.ar\/index.php?rest_route=%2Fwp%2Fv2%2Fcategories&post=60949"},{"taxonomy":"post_tag","embeddable":true,"href":"https:\/\/masquenoticiastucuman.com.ar\/index.php?rest_route=%2Fwp%2Fv2%2Ftags&post=60949"}],"curies":[{"name":"wp","href":"https:\/\/api.w.org\/{rel}","templated":true}]}}