{"id":60951,"date":"2026-04-20T17:30:19","date_gmt":"2026-04-20T20:30:19","guid":{"rendered":"http:\/\/masquenoticiastucuman.com.ar\/?p=60951"},"modified":"2026-04-20T17:30:19","modified_gmt":"2026-04-20T20:30:19","slug":"en-nueva-york-el-argentino-rafael-grossi-se-somete-a-un-intenso-escrutinio-para-ser-jefe-de-la-onu","status":"publish","type":"post","link":"https:\/\/masquenoticiastucuman.com.ar\/?p=60951","title":{"rendered":"En Nueva York, el argentino Rafael Grossi se somete a un intenso escrutinio para ser jefe de la ONU"},"content":{"rendered":"<ul>\n<li>Se presenta este martes ante representantes de 193 pa\u00edses. Expondr\u00e1 y responder\u00e1 por tres horas preguntas sobre sus planes para ser el secretario general de la ONU.<\/li>\n<li>Apuesta a su experiencia como l\u00edder del Organismo Internacional de Energ\u00eda At\u00f3mica. Compite con otros tres candidatos.<\/li>\n<\/ul>\n<p>\u200bSe presenta este martes ante representantes de 193 pa\u00edses. Expondr\u00e1 y responder\u00e1 por tres horas preguntas sobre sus planes para ser el secretario general de la ONU.Apuesta a su experiencia como l\u00edder del Organismo Internacional de Energ\u00eda At\u00f3mica. Compite con otros tres candidatos.\u00a0<a href=\"https:\/\/www.clarin.com\/economia\/nueva-york-argentino-rafael-grossi-somete-intenso-escrutinio-jefe-onu_0_gIjuY8mFNt.html\" target=\"_blank\" class=\"feedzy-rss-link-icon\">Read More<\/a><\/p>","protected":false},"excerpt":{"rendered":"<p>Se presenta este martes ante representantes de 193 pa\u00edses. Expondr\u00e1 y responder\u00e1 por tres horas&#8230;<\/p>\n","protected":false},"author":1,"featured_media":60952,"comment_status":"open","ping_status":"open","sticky":false,"template":"","format":"standard","meta":{"footnotes":""},"categories":[4],"tags":[],"class_list":["post-60951","post","type-post","status-publish","format-standard","has-post-thumbnail","hentry","category-internacionales"],"_links":{"self":[{"href":"https:\/\/masquenoticiastucuman.com.ar\/index.php?rest_route=\/wp\/v2\/posts\/60951","targetHints":{"allow":["GET"]}}],"collection":[{"href":"https:\/\/masquenoticiastucuman.com.ar\/index.php?rest_route=\/wp\/v2\/posts"}],"about":[{"href":"https:\/\/masquenoticiastucuman.com.ar\/index.php?rest_route=\/wp\/v2\/types\/post"}],"author":[{"embeddable":true,"href":"https:\/\/masquenoticiastucuman.com.ar\/index.php?rest_route=\/wp\/v2\/users\/1"}],"replies":[{"embeddable":true,"href":"https:\/\/masquenoticiastucuman.com.ar\/index.php?rest_route=%2Fwp%2Fv2%2Fcomments&post=60951"}],"version-history":[{"count":0,"href":"https:\/\/masquenoticiastucuman.com.ar\/index.php?rest_route=\/wp\/v2\/posts\/60951\/revisions"}],"wp:featuredmedia":[{"embeddable":true,"href":"https:\/\/masquenoticiastucuman.com.ar\/index.php?rest_route=\/wp\/v2\/media\/60952"}],"wp:attachment":[{"href":"https:\/\/masquenoticiastucuman.com.ar\/index.php?rest_route=%2Fwp%2Fv2%2Fmedia&parent=60951"}],"wp:term":[{"taxonomy":"category","embeddable":true,"href":"https:\/\/masquenoticiastucuman.com.ar\/index.php?rest_route=%2Fwp%2Fv2%2Fcategories&post=60951"},{"taxonomy":"post_tag","embeddable":true,"href":"https:\/\/masquenoticiastucuman.com.ar\/index.php?rest_route=%2Fwp%2Fv2%2Ftags&post=60951"}],"curies":[{"name":"wp","href":"https:\/\/api.w.org\/{rel}","templated":true}]}}