{"id":60955,"date":"2026-04-20T19:09:06","date_gmt":"2026-04-20T22:09:06","guid":{"rendered":"http:\/\/masquenoticiastucuman.com.ar\/?p=60955"},"modified":"2026-04-20T19:09:06","modified_gmt":"2026-04-20T22:09:06","slug":"segun-la-camara-de-la-construccion-argentina-pierde-us-25-000-millones-por-ano-por-mal-mantenimiento-de-su-infraestructura","status":"publish","type":"post","link":"https:\/\/masquenoticiastucuman.com.ar\/?p=60955","title":{"rendered":"Seg\u00fan la C\u00e1mara de la Construcci\u00f3n, Argentina pierde US$ 25.000 millones por a\u00f1o por mal mantenimiento de su infraestructura"},"content":{"rendered":"<ul>\n<li>Lo plante\u00f3 el Consejo Federal de la entidad, que pidi\u00f3 que adem\u00e1s de las concesiones viales, se atienda el estado de 30.000 kil\u00f3metros de rutas &#8220;no concesionables&#8221;. <\/li>\n<li>Tambi\u00e9n reclamaron por las deudas del Estado nacional con las constructoras. <\/li>\n<\/ul>\n<p>\u200bLo plante\u00f3 el Consejo Federal de la entidad, que pidi\u00f3 que adem\u00e1s de las concesiones viales, se atienda el estado de 30.000 kil\u00f3metros de rutas &#8220;no concesionables&#8221;. Tambi\u00e9n reclamaron por las deudas del Estado nacional con las constructoras.\u00a0<a href=\"https:\/\/www.clarin.com\/economia\/camara-construccion-argentina-pierde-us-25000-millones-ano-mal-mantenimiento-infraestructura_0_Sn1gZHZMOw.html\" target=\"_blank\" class=\"feedzy-rss-link-icon\">Read More<\/a><\/p>","protected":false},"excerpt":{"rendered":"<p>Lo plante\u00f3 el Consejo Federal de la entidad, que pidi\u00f3 que adem\u00e1s de las concesiones&#8230;<\/p>\n","protected":false},"author":1,"featured_media":0,"comment_status":"open","ping_status":"open","sticky":false,"template":"","format":"standard","meta":{"footnotes":""},"categories":[3],"tags":[],"class_list":["post-60955","post","type-post","status-publish","format-standard","has-post-thumbnail","hentry","category-nacionales"],"_links":{"self":[{"href":"https:\/\/masquenoticiastucuman.com.ar\/index.php?rest_route=\/wp\/v2\/posts\/60955","targetHints":{"allow":["GET"]}}],"collection":[{"href":"https:\/\/masquenoticiastucuman.com.ar\/index.php?rest_route=\/wp\/v2\/posts"}],"about":[{"href":"https:\/\/masquenoticiastucuman.com.ar\/index.php?rest_route=\/wp\/v2\/types\/post"}],"author":[{"embeddable":true,"href":"https:\/\/masquenoticiastucuman.com.ar\/index.php?rest_route=\/wp\/v2\/users\/1"}],"replies":[{"embeddable":true,"href":"https:\/\/masquenoticiastucuman.com.ar\/index.php?rest_route=%2Fwp%2Fv2%2Fcomments&post=60955"}],"version-history":[{"count":0,"href":"https:\/\/masquenoticiastucuman.com.ar\/index.php?rest_route=\/wp\/v2\/posts\/60955\/revisions"}],"wp:attachment":[{"href":"https:\/\/masquenoticiastucuman.com.ar\/index.php?rest_route=%2Fwp%2Fv2%2Fmedia&parent=60955"}],"wp:term":[{"taxonomy":"category","embeddable":true,"href":"https:\/\/masquenoticiastucuman.com.ar\/index.php?rest_route=%2Fwp%2Fv2%2Fcategories&post=60955"},{"taxonomy":"post_tag","embeddable":true,"href":"https:\/\/masquenoticiastucuman.com.ar\/index.php?rest_route=%2Fwp%2Fv2%2Ftags&post=60955"}],"curies":[{"name":"wp","href":"https:\/\/api.w.org\/{rel}","templated":true}]}}