{"id":60956,"date":"2026-04-20T18:53:47","date_gmt":"2026-04-20T21:53:47","guid":{"rendered":"http:\/\/masquenoticiastucuman.com.ar\/?p=60956"},"modified":"2026-04-20T18:53:47","modified_gmt":"2026-04-20T21:53:47","slug":"efecto-arrastre-la-inflacion-de-este-mes-reflejara-la-suba-de-la-nafta-y-pone-un-piso-alto-al-indice-de-mayo","status":"publish","type":"post","link":"https:\/\/masquenoticiastucuman.com.ar\/?p=60956","title":{"rendered":"Efecto arrastre: la inflaci\u00f3n de este mes reflejar\u00e1 la suba de la nafta y pone un piso alto al \u00edndice de mayo"},"content":{"rendered":"<ul>\n<li>Excepto que haya un cambio en la tendencia, los valores en los surtidores no bajar\u00e1n cuando termine el acuerdo del sector el 15 de mayo.<\/li>\n<li>Los aumentos de los combustibles en marzo se reflejaron de forma parcial en el \u00faltimo dato de inflaci\u00f3n.<\/li>\n<li>El arrastre de las subas de marzo volver\u00e1 a impactar en el IPC de este mes y deja un piso alto.<\/li>\n<\/ul>\n<p>\u200bExcepto que haya un cambio en la tendencia, los valores en los surtidores no bajar\u00e1n cuando termine el acuerdo del sector el 15 de mayo.Los aumentos de los combustibles en marzo se reflejaron de forma parcial en el \u00faltimo dato de inflaci\u00f3n.El arrastre de las subas de marzo volver\u00e1 a impactar en el IPC de este mes y deja un piso alto.\u00a0<a href=\"https:\/\/www.clarin.com\/economia\/efecto-arrastre-inflacion-mes-reflejara-suba-nafta-pone-piso-alto-indice-mayo_0_5XX9T7SizO.html\" target=\"_blank\" class=\"feedzy-rss-link-icon\">Read More<\/a><\/p>","protected":false},"excerpt":{"rendered":"<p>Excepto que haya un cambio en la tendencia, los valores en los surtidores no bajar\u00e1n&#8230;<\/p>\n","protected":false},"author":1,"featured_media":0,"comment_status":"open","ping_status":"open","sticky":false,"template":"","format":"standard","meta":{"footnotes":""},"categories":[3],"tags":[],"class_list":["post-60956","post","type-post","status-publish","format-standard","has-post-thumbnail","hentry","category-nacionales"],"_links":{"self":[{"href":"https:\/\/masquenoticiastucuman.com.ar\/index.php?rest_route=\/wp\/v2\/posts\/60956","targetHints":{"allow":["GET"]}}],"collection":[{"href":"https:\/\/masquenoticiastucuman.com.ar\/index.php?rest_route=\/wp\/v2\/posts"}],"about":[{"href":"https:\/\/masquenoticiastucuman.com.ar\/index.php?rest_route=\/wp\/v2\/types\/post"}],"author":[{"embeddable":true,"href":"https:\/\/masquenoticiastucuman.com.ar\/index.php?rest_route=\/wp\/v2\/users\/1"}],"replies":[{"embeddable":true,"href":"https:\/\/masquenoticiastucuman.com.ar\/index.php?rest_route=%2Fwp%2Fv2%2Fcomments&post=60956"}],"version-history":[{"count":0,"href":"https:\/\/masquenoticiastucuman.com.ar\/index.php?rest_route=\/wp\/v2\/posts\/60956\/revisions"}],"wp:attachment":[{"href":"https:\/\/masquenoticiastucuman.com.ar\/index.php?rest_route=%2Fwp%2Fv2%2Fmedia&parent=60956"}],"wp:term":[{"taxonomy":"category","embeddable":true,"href":"https:\/\/masquenoticiastucuman.com.ar\/index.php?rest_route=%2Fwp%2Fv2%2Fcategories&post=60956"},{"taxonomy":"post_tag","embeddable":true,"href":"https:\/\/masquenoticiastucuman.com.ar\/index.php?rest_route=%2Fwp%2Fv2%2Ftags&post=60956"}],"curies":[{"name":"wp","href":"https:\/\/api.w.org\/{rel}","templated":true}]}}