{"id":60957,"date":"2026-04-20T19:35:57","date_gmt":"2026-04-20T22:35:57","guid":{"rendered":"http:\/\/masquenoticiastucuman.com.ar\/?p=60957"},"modified":"2026-04-20T19:35:57","modified_gmt":"2026-04-20T22:35:57","slug":"entre-dudas-y-amenazas-estados-unidos-e-iran-parecen-encaminarse-a-una-nueva-negociacion-de-paz-en-pakistan","status":"publish","type":"post","link":"https:\/\/masquenoticiastucuman.com.ar\/?p=60957","title":{"rendered":"Entre dudas y amenazas, Estados Unidos e Ir\u00e1n parecen encaminarse a una nueva negociaci\u00f3n de paz en Pakist\u00e1n"},"content":{"rendered":"<ul>\n<li>Los dos pa\u00edses daban indicios anoche de que enviar\u00e1n negociadores a Islamabad. Ocurre antes de que hoy venza la tregua. <\/li>\n<li>Pero el estrecho de Ormuz sigue cerrado y contin\u00faa la tensi\u00f3n.<\/li>\n<\/ul>\n<p>\u200bLos dos pa\u00edses daban indicios anoche de que enviar\u00e1n negociadores a Islamabad. Ocurre antes de que hoy venza la tregua. Pero el estrecho de Ormuz sigue cerrado y contin\u00faa la tensi\u00f3n.\u00a0<a href=\"https:\/\/www.clarin.com\/mundo\/dudas-amenazas-estados-unidos-iran-parecen-encaminarse-nueva-negociacion-paz-pakistan_0_8yvYW48F5d.html\" target=\"_blank\" class=\"feedzy-rss-link-icon\">Read More<\/a><\/p>","protected":false},"excerpt":{"rendered":"<p>Los dos pa\u00edses daban indicios anoche de que enviar\u00e1n negociadores a Islamabad. Ocurre antes de&#8230;<\/p>\n","protected":false},"author":1,"featured_media":60958,"comment_status":"open","ping_status":"open","sticky":false,"template":"","format":"standard","meta":{"footnotes":""},"categories":[4],"tags":[],"class_list":["post-60957","post","type-post","status-publish","format-standard","has-post-thumbnail","hentry","category-internacionales"],"_links":{"self":[{"href":"https:\/\/masquenoticiastucuman.com.ar\/index.php?rest_route=\/wp\/v2\/posts\/60957","targetHints":{"allow":["GET"]}}],"collection":[{"href":"https:\/\/masquenoticiastucuman.com.ar\/index.php?rest_route=\/wp\/v2\/posts"}],"about":[{"href":"https:\/\/masquenoticiastucuman.com.ar\/index.php?rest_route=\/wp\/v2\/types\/post"}],"author":[{"embeddable":true,"href":"https:\/\/masquenoticiastucuman.com.ar\/index.php?rest_route=\/wp\/v2\/users\/1"}],"replies":[{"embeddable":true,"href":"https:\/\/masquenoticiastucuman.com.ar\/index.php?rest_route=%2Fwp%2Fv2%2Fcomments&post=60957"}],"version-history":[{"count":0,"href":"https:\/\/masquenoticiastucuman.com.ar\/index.php?rest_route=\/wp\/v2\/posts\/60957\/revisions"}],"wp:featuredmedia":[{"embeddable":true,"href":"https:\/\/masquenoticiastucuman.com.ar\/index.php?rest_route=\/wp\/v2\/media\/60958"}],"wp:attachment":[{"href":"https:\/\/masquenoticiastucuman.com.ar\/index.php?rest_route=%2Fwp%2Fv2%2Fmedia&parent=60957"}],"wp:term":[{"taxonomy":"category","embeddable":true,"href":"https:\/\/masquenoticiastucuman.com.ar\/index.php?rest_route=%2Fwp%2Fv2%2Fcategories&post=60957"},{"taxonomy":"post_tag","embeddable":true,"href":"https:\/\/masquenoticiastucuman.com.ar\/index.php?rest_route=%2Fwp%2Fv2%2Ftags&post=60957"}],"curies":[{"name":"wp","href":"https:\/\/api.w.org\/{rel}","templated":true}]}}