{"id":60959,"date":"2026-04-20T19:28:09","date_gmt":"2026-04-20T22:28:09","guid":{"rendered":"http:\/\/masquenoticiastucuman.com.ar\/?p=60959"},"modified":"2026-04-20T19:28:09","modified_gmt":"2026-04-20T22:28:09","slug":"los-pilotos-le-torcieron-el-brazo-a-la-fia-la-formula-1-reajusta-el-reglamento-tras-las-criticas-y-los-accidentes","status":"publish","type":"post","link":"https:\/\/masquenoticiastucuman.com.ar\/?p=60959","title":{"rendered":"Los pilotos le torcieron el brazo a la FIA: la F\u00f3rmula 1 reajusta el reglamento, tras las cr\u00edticas y los accidentes"},"content":{"rendered":"<ul>\n<li>Luego del accidente de Bearman en Jap\u00f3n, los directivos de la m\u00e1xima categor\u00eda tomaron cartas en el asunto.<\/li>\n<li>El piloto neerland\u00e9s de Red Bull hab\u00eda sido el m\u00e1s cr\u00edtico con las nuevas reglas.<\/li>\n<\/ul>\n<p>\u200bLuego del accidente de Bearman en Jap\u00f3n, los directivos de la m\u00e1xima categor\u00eda tomaron cartas en el asunto.El piloto neerland\u00e9s de Red Bull hab\u00eda sido el m\u00e1s cr\u00edtico con las nuevas reglas.\u00a0<a href=\"https:\/\/www.clarin.com\/deportes\/pilotos-torcieron-brazo-fia-formula-1-reajusta-reglamento-criticas-accidentes_0_WOYFzrvgS2.html\" target=\"_blank\" class=\"feedzy-rss-link-icon\">Read More<\/a><\/p>","protected":false},"excerpt":{"rendered":"<p>Luego del accidente de Bearman en Jap\u00f3n, los directivos de la m\u00e1xima categor\u00eda tomaron cartas&#8230;<\/p>\n","protected":false},"author":1,"featured_media":0,"comment_status":"open","ping_status":"open","sticky":false,"template":"","format":"standard","meta":{"footnotes":""},"categories":[6],"tags":[],"class_list":["post-60959","post","type-post","status-publish","format-standard","has-post-thumbnail","hentry","category-deportes"],"_links":{"self":[{"href":"https:\/\/masquenoticiastucuman.com.ar\/index.php?rest_route=\/wp\/v2\/posts\/60959","targetHints":{"allow":["GET"]}}],"collection":[{"href":"https:\/\/masquenoticiastucuman.com.ar\/index.php?rest_route=\/wp\/v2\/posts"}],"about":[{"href":"https:\/\/masquenoticiastucuman.com.ar\/index.php?rest_route=\/wp\/v2\/types\/post"}],"author":[{"embeddable":true,"href":"https:\/\/masquenoticiastucuman.com.ar\/index.php?rest_route=\/wp\/v2\/users\/1"}],"replies":[{"embeddable":true,"href":"https:\/\/masquenoticiastucuman.com.ar\/index.php?rest_route=%2Fwp%2Fv2%2Fcomments&post=60959"}],"version-history":[{"count":0,"href":"https:\/\/masquenoticiastucuman.com.ar\/index.php?rest_route=\/wp\/v2\/posts\/60959\/revisions"}],"wp:attachment":[{"href":"https:\/\/masquenoticiastucuman.com.ar\/index.php?rest_route=%2Fwp%2Fv2%2Fmedia&parent=60959"}],"wp:term":[{"taxonomy":"category","embeddable":true,"href":"https:\/\/masquenoticiastucuman.com.ar\/index.php?rest_route=%2Fwp%2Fv2%2Fcategories&post=60959"},{"taxonomy":"post_tag","embeddable":true,"href":"https:\/\/masquenoticiastucuman.com.ar\/index.php?rest_route=%2Fwp%2Fv2%2Ftags&post=60959"}],"curies":[{"name":"wp","href":"https:\/\/api.w.org\/{rel}","templated":true}]}}