{"id":60960,"date":"2026-04-20T18:27:11","date_gmt":"2026-04-20T21:27:11","guid":{"rendered":"http:\/\/masquenoticiastucuman.com.ar\/?p=60960"},"modified":"2026-04-20T18:27:11","modified_gmt":"2026-04-20T21:27:11","slug":"los-ultimos-detalles-del-franco-colapinto-road-show-todo-lo-que-hay-que-saber-para-no-perderse-nada-de-la-vuelta-de-la-formula-1-a-la-argentina","status":"publish","type":"post","link":"https:\/\/masquenoticiastucuman.com.ar\/?p=60960","title":{"rendered":"Los \u00faltimos detalles del Franco Colapinto Road Show: todo lo que hay que saber para no perderse nada de la vuelta de la F\u00f3rmula 1 a la Argentina"},"content":{"rendered":"<ul>\n<li>Este domingo, el pilarense realizar\u00e1 una exhibici\u00f3n en un circuito callejero entre las avenidas Sarmiento y Libertador, de Palermo.<\/li>\n<li>Despu\u00e9s de 14 a\u00f1os, un F\u00f3rmula 1 volver\u00e1 a circular en la Argentina.<\/li>\n<li>C\u00f3mo avanza el circuito y los cortes programados para los pr\u00f3ximos d\u00edas.<\/li>\n<\/ul>\n<p>\u200bEste domingo, el pilarense realizar\u00e1 una exhibici\u00f3n en un circuito callejero entre las avenidas Sarmiento y Libertador, de Palermo.Despu\u00e9s de 14 a\u00f1os, un F\u00f3rmula 1 volver\u00e1 a circular en la Argentina.C\u00f3mo avanza el circuito y los cortes programados para los pr\u00f3ximos d\u00edas.\u00a0<a href=\"https:\/\/www.clarin.com\/deportes\/ultimos-detalles-franco-colapinto-road-show-saber-perderse-vuelta-formula-1-argentina_0_yNTXs96Om3.html\" target=\"_blank\" class=\"feedzy-rss-link-icon\">Read More<\/a><\/p>","protected":false},"excerpt":{"rendered":"<p>Este domingo, el pilarense realizar\u00e1 una exhibici\u00f3n en un circuito callejero entre las avenidas Sarmiento&#8230;<\/p>\n","protected":false},"author":1,"featured_media":0,"comment_status":"open","ping_status":"open","sticky":false,"template":"","format":"standard","meta":{"footnotes":""},"categories":[6],"tags":[],"class_list":["post-60960","post","type-post","status-publish","format-standard","has-post-thumbnail","hentry","category-deportes"],"_links":{"self":[{"href":"https:\/\/masquenoticiastucuman.com.ar\/index.php?rest_route=\/wp\/v2\/posts\/60960","targetHints":{"allow":["GET"]}}],"collection":[{"href":"https:\/\/masquenoticiastucuman.com.ar\/index.php?rest_route=\/wp\/v2\/posts"}],"about":[{"href":"https:\/\/masquenoticiastucuman.com.ar\/index.php?rest_route=\/wp\/v2\/types\/post"}],"author":[{"embeddable":true,"href":"https:\/\/masquenoticiastucuman.com.ar\/index.php?rest_route=\/wp\/v2\/users\/1"}],"replies":[{"embeddable":true,"href":"https:\/\/masquenoticiastucuman.com.ar\/index.php?rest_route=%2Fwp%2Fv2%2Fcomments&post=60960"}],"version-history":[{"count":0,"href":"https:\/\/masquenoticiastucuman.com.ar\/index.php?rest_route=\/wp\/v2\/posts\/60960\/revisions"}],"wp:attachment":[{"href":"https:\/\/masquenoticiastucuman.com.ar\/index.php?rest_route=%2Fwp%2Fv2%2Fmedia&parent=60960"}],"wp:term":[{"taxonomy":"category","embeddable":true,"href":"https:\/\/masquenoticiastucuman.com.ar\/index.php?rest_route=%2Fwp%2Fv2%2Fcategories&post=60960"},{"taxonomy":"post_tag","embeddable":true,"href":"https:\/\/masquenoticiastucuman.com.ar\/index.php?rest_route=%2Fwp%2Fv2%2Ftags&post=60960"}],"curies":[{"name":"wp","href":"https:\/\/api.w.org\/{rel}","templated":true}]}}