{"id":60961,"date":"2026-04-20T19:54:55","date_gmt":"2026-04-20T22:54:55","guid":{"rendered":"http:\/\/masquenoticiastucuman.com.ar\/?p=60961"},"modified":"2026-04-20T19:54:55","modified_gmt":"2026-04-20T22:54:55","slug":"para-arriazu-el-desempleo-en-el-gran-buenos-aires-es-el-mayor-riesgo-politico-para-el-gobierno","status":"publish","type":"post","link":"https:\/\/masquenoticiastucuman.com.ar\/?p=60961","title":{"rendered":"Para Arriazu el desempleo en el Gran Buenos Aires es el mayor riesgo pol\u00edtico para el Gobierno"},"content":{"rendered":"<ul>\n<li>El economista advirti\u00f3 que el proceso de cambio actual produce m\u00e1s destrucci\u00f3n que creaci\u00f3n de empleo. <\/li>\n<li>&#8220;Esta situaci\u00f3n puede generar un ruido pol\u00edtico y trasladarse al plano electoral&#8221;, sostuvo.<\/li>\n<\/ul>\n<p>\u200bEl economista advirti\u00f3 que el proceso de cambio actual produce m\u00e1s destrucci\u00f3n que creaci\u00f3n de empleo. &#8220;Esta situaci\u00f3n puede generar un ruido pol\u00edtico y trasladarse al plano electoral&#8221;, sostuvo.\u00a0<a href=\"https:\/\/www.clarin.com\/economia\/arriazu-desempleo-gran-buenos-aires-mayor-riesgo-politico-gobierno_0_0f5VPqEs3o.html\" target=\"_blank\" class=\"feedzy-rss-link-icon\">Read More<\/a><\/p>","protected":false},"excerpt":{"rendered":"<p>El economista advirti\u00f3 que el proceso de cambio actual produce m\u00e1s destrucci\u00f3n que creaci\u00f3n de&#8230;<\/p>\n","protected":false},"author":1,"featured_media":0,"comment_status":"open","ping_status":"open","sticky":false,"template":"","format":"standard","meta":{"footnotes":""},"categories":[3],"tags":[],"class_list":["post-60961","post","type-post","status-publish","format-standard","has-post-thumbnail","hentry","category-nacionales"],"_links":{"self":[{"href":"https:\/\/masquenoticiastucuman.com.ar\/index.php?rest_route=\/wp\/v2\/posts\/60961","targetHints":{"allow":["GET"]}}],"collection":[{"href":"https:\/\/masquenoticiastucuman.com.ar\/index.php?rest_route=\/wp\/v2\/posts"}],"about":[{"href":"https:\/\/masquenoticiastucuman.com.ar\/index.php?rest_route=\/wp\/v2\/types\/post"}],"author":[{"embeddable":true,"href":"https:\/\/masquenoticiastucuman.com.ar\/index.php?rest_route=\/wp\/v2\/users\/1"}],"replies":[{"embeddable":true,"href":"https:\/\/masquenoticiastucuman.com.ar\/index.php?rest_route=%2Fwp%2Fv2%2Fcomments&post=60961"}],"version-history":[{"count":0,"href":"https:\/\/masquenoticiastucuman.com.ar\/index.php?rest_route=\/wp\/v2\/posts\/60961\/revisions"}],"wp:attachment":[{"href":"https:\/\/masquenoticiastucuman.com.ar\/index.php?rest_route=%2Fwp%2Fv2%2Fmedia&parent=60961"}],"wp:term":[{"taxonomy":"category","embeddable":true,"href":"https:\/\/masquenoticiastucuman.com.ar\/index.php?rest_route=%2Fwp%2Fv2%2Fcategories&post=60961"},{"taxonomy":"post_tag","embeddable":true,"href":"https:\/\/masquenoticiastucuman.com.ar\/index.php?rest_route=%2Fwp%2Fv2%2Ftags&post=60961"}],"curies":[{"name":"wp","href":"https:\/\/api.w.org\/{rel}","templated":true}]}}