{"id":60962,"date":"2026-04-20T22:12:25","date_gmt":"2026-04-21T01:12:25","guid":{"rendered":"http:\/\/masquenoticiastucuman.com.ar\/?p=60962"},"modified":"2026-04-20T22:12:25","modified_gmt":"2026-04-21T01:12:25","slug":"troglio-exploto-contra-los-periodistas-que-piden-su-cabeza-estan-operando-en-mi-contra-adonde-me-tengo-que-ir","status":"publish","type":"post","link":"https:\/\/masquenoticiastucuman.com.ar\/?p=60962","title":{"rendered":"Troglio explot\u00f3 contra los periodistas que piden su cabeza: &#8220;Est\u00e1n operando en mi contra, \u00bfad\u00f3nde me tengo que ir?&#8221;"},"content":{"rendered":"<ul>\n<li>El t\u00e9cnico de Banfield formul\u00f3 un fuerte descargo tras el empate ante Independiente Rivadavia. <\/li>\n<li>&#8220;Estoy molesto con muchos de ustedes, con muchos que han pedido mi cabeza&#8221;, asegur\u00f3 ante los periodistas. <\/li>\n<li>Adem\u00e1s, revel\u00f3 que no le pagan.<\/li>\n<\/ul>\n<p>\u200bEl t\u00e9cnico de Banfield formul\u00f3 un fuerte descargo tras el empate ante Independiente Rivadavia. &#8220;Estoy molesto con muchos de ustedes, con muchos que han pedido mi cabeza&#8221;, asegur\u00f3 ante los periodistas. Adem\u00e1s, revel\u00f3 que no le pagan.\u00a0<a href=\"https:\/\/www.clarin.com\/deportes\/troglio-exploto-periodistas-piden-cabeza-operando-adonde-ir_0_eLuY90Qo3B.html\" target=\"_blank\" class=\"feedzy-rss-link-icon\">Read More<\/a><\/p>","protected":false},"excerpt":{"rendered":"<p>El t\u00e9cnico de Banfield formul\u00f3 un fuerte descargo tras el empate ante Independiente Rivadavia. &#8220;Estoy&#8230;<\/p>\n","protected":false},"author":1,"featured_media":0,"comment_status":"open","ping_status":"open","sticky":false,"template":"","format":"standard","meta":{"footnotes":""},"categories":[6],"tags":[],"class_list":["post-60962","post","type-post","status-publish","format-standard","has-post-thumbnail","hentry","category-deportes"],"_links":{"self":[{"href":"https:\/\/masquenoticiastucuman.com.ar\/index.php?rest_route=\/wp\/v2\/posts\/60962","targetHints":{"allow":["GET"]}}],"collection":[{"href":"https:\/\/masquenoticiastucuman.com.ar\/index.php?rest_route=\/wp\/v2\/posts"}],"about":[{"href":"https:\/\/masquenoticiastucuman.com.ar\/index.php?rest_route=\/wp\/v2\/types\/post"}],"author":[{"embeddable":true,"href":"https:\/\/masquenoticiastucuman.com.ar\/index.php?rest_route=\/wp\/v2\/users\/1"}],"replies":[{"embeddable":true,"href":"https:\/\/masquenoticiastucuman.com.ar\/index.php?rest_route=%2Fwp%2Fv2%2Fcomments&post=60962"}],"version-history":[{"count":0,"href":"https:\/\/masquenoticiastucuman.com.ar\/index.php?rest_route=\/wp\/v2\/posts\/60962\/revisions"}],"wp:attachment":[{"href":"https:\/\/masquenoticiastucuman.com.ar\/index.php?rest_route=%2Fwp%2Fv2%2Fmedia&parent=60962"}],"wp:term":[{"taxonomy":"category","embeddable":true,"href":"https:\/\/masquenoticiastucuman.com.ar\/index.php?rest_route=%2Fwp%2Fv2%2Fcategories&post=60962"},{"taxonomy":"post_tag","embeddable":true,"href":"https:\/\/masquenoticiastucuman.com.ar\/index.php?rest_route=%2Fwp%2Fv2%2Ftags&post=60962"}],"curies":[{"name":"wp","href":"https:\/\/api.w.org\/{rel}","templated":true}]}}