{"id":60964,"date":"2026-04-21T06:01:55","date_gmt":"2026-04-21T09:01:55","guid":{"rendered":"http:\/\/masquenoticiastucuman.com.ar\/?p=60964"},"modified":"2026-04-21T06:01:55","modified_gmt":"2026-04-21T09:01:55","slug":"de-closs-y-victor-hugo-a-pagani-castrilli-y-azzaro-que-opina-el-mundo-del-futbol-sobre-la-polemica-del-superclasico","status":"publish","type":"post","link":"https:\/\/masquenoticiastucuman.com.ar\/?p=60964","title":{"rendered":"De Closs y V\u00edctor Hugo a Pagani, Castrilli y Azzaro: qu\u00e9 opina el mundo del  f\u00fatbol sobre la pol\u00e9mica del Supercl\u00e1sico"},"content":{"rendered":"<ul>\n<li>Periodistas, \u00e1rbitros y ex jugadores discutieron sobre el empuj\u00f3n de Blanco a Mart\u00ednez Quarta.<\/li>\n<\/ul>\n<p>\u200bPeriodistas, \u00e1rbitros y ex jugadores discutieron sobre el empuj\u00f3n de Blanco a Mart\u00ednez Quarta.\u00a0<a href=\"https:\/\/www.clarin.com\/deportes\/closs-victor-hugo-pagani-castrilli-azzaro-opina-mundo-futbol-polemica-superclasico_0_BOLyiRjxUZ.html\" target=\"_blank\" class=\"feedzy-rss-link-icon\">Read More<\/a><\/p>","protected":false},"excerpt":{"rendered":"<p>Periodistas, \u00e1rbitros y ex jugadores discutieron sobre el empuj\u00f3n de Blanco a Mart\u00ednez Quarta. \u200bPeriodistas,&#8230;<\/p>\n","protected":false},"author":1,"featured_media":0,"comment_status":"open","ping_status":"open","sticky":false,"template":"","format":"standard","meta":{"footnotes":""},"categories":[6],"tags":[],"class_list":["post-60964","post","type-post","status-publish","format-standard","has-post-thumbnail","hentry","category-deportes"],"_links":{"self":[{"href":"https:\/\/masquenoticiastucuman.com.ar\/index.php?rest_route=\/wp\/v2\/posts\/60964","targetHints":{"allow":["GET"]}}],"collection":[{"href":"https:\/\/masquenoticiastucuman.com.ar\/index.php?rest_route=\/wp\/v2\/posts"}],"about":[{"href":"https:\/\/masquenoticiastucuman.com.ar\/index.php?rest_route=\/wp\/v2\/types\/post"}],"author":[{"embeddable":true,"href":"https:\/\/masquenoticiastucuman.com.ar\/index.php?rest_route=\/wp\/v2\/users\/1"}],"replies":[{"embeddable":true,"href":"https:\/\/masquenoticiastucuman.com.ar\/index.php?rest_route=%2Fwp%2Fv2%2Fcomments&post=60964"}],"version-history":[{"count":0,"href":"https:\/\/masquenoticiastucuman.com.ar\/index.php?rest_route=\/wp\/v2\/posts\/60964\/revisions"}],"wp:attachment":[{"href":"https:\/\/masquenoticiastucuman.com.ar\/index.php?rest_route=%2Fwp%2Fv2%2Fmedia&parent=60964"}],"wp:term":[{"taxonomy":"category","embeddable":true,"href":"https:\/\/masquenoticiastucuman.com.ar\/index.php?rest_route=%2Fwp%2Fv2%2Fcategories&post=60964"},{"taxonomy":"post_tag","embeddable":true,"href":"https:\/\/masquenoticiastucuman.com.ar\/index.php?rest_route=%2Fwp%2Fv2%2Ftags&post=60964"}],"curies":[{"name":"wp","href":"https:\/\/api.w.org\/{rel}","templated":true}]}}