{"id":60966,"date":"2026-04-21T07:20:54","date_gmt":"2026-04-21T10:20:54","guid":{"rendered":"https:\/\/masquenoticiastucuman.com.ar\/?p=60966"},"modified":"2026-04-21T07:20:55","modified_gmt":"2026-04-21T10:20:55","slug":"avanza-la-puesta-en-valor-de-areas-protegidas","status":"publish","type":"post","link":"https:\/\/masquenoticiastucuman.com.ar\/?p=60966","title":{"rendered":"Avanza la puesta en valor de \u00e1reas protegidas"},"content":{"rendered":"\n<p>Se llev\u00f3 a cabo un relevamiento de las acciones implementadas por la Fundaci\u00f3n Proyungas, en su rol de consultor t\u00e9cnico de la Reserva Provincial Los Sosa, en el sendero del V\u00eda Crucis Ecol\u00f3gico.<\/p>\n\n\n\n<p id=\"isPasted\">La&nbsp;<strong>Direcci\u00f3n de Flora, Fauna Silvestre y Suelos<\/strong>, dependiente de la&nbsp;<strong>Secretar\u00eda de Producci\u00f3n<\/strong>, a trav\u00e9s de la&nbsp;<strong>Subdirecci\u00f3n de \u00c1reas Naturales Protegidas (ANP),<\/strong>&nbsp;contin\u00faa implementando medidas de gesti\u00f3n y conservaci\u00f3n en \u00e1reas protegidas.<\/p>\n\n\n\n<p>En este marco, se llev\u00f3 a cabo un relevamiento de las acciones implementadas por la&nbsp;<strong>Fundaci\u00f3n Proyungas<\/strong>, en su rol de consultor t\u00e9cnico de la Reserva Provincial Los Sosa, en el sendero del V\u00eda Crucis Ecol\u00f3gico.&nbsp;<\/p>\n\n\n\n<figure class=\"wp-block-image size-full\"><img loading=\"lazy\" decoding=\"async\" width=\"831\" height=\"629\" src=\"https:\/\/masquenoticiastucuman.com.ar\/wp-content\/uploads\/2026\/04\/260420095727_61758.jpg\" alt=\"\" class=\"wp-image-60967\" srcset=\"https:\/\/masquenoticiastucuman.com.ar\/wp-content\/uploads\/2026\/04\/260420095727_61758.jpg 831w, https:\/\/masquenoticiastucuman.com.ar\/wp-content\/uploads\/2026\/04\/260420095727_61758-300x227.jpg 300w, https:\/\/masquenoticiastucuman.com.ar\/wp-content\/uploads\/2026\/04\/260420095727_61758-768x581.jpg 768w\" sizes=\"auto, (max-width: 831px) 100vw, 831px\" \/><\/figure>\n\n\n\n<p>Estas tareas resultan fundamentales para evaluar el estado de conservaci\u00f3n del \u00e1rea y el mantenimiento del sendero, as\u00ed como para orientar la toma de decisiones vinculadas a su manejo y mejora.<\/p>\n\n\n\n<p>El sendero, cuya propuesta tem\u00e1tica se inspira en la enc\u00edclica Laudato si\u2019 del papa Francisco, centrada en el cuidado de la \u201ccasa com\u00fan\u201d y la relaci\u00f3n entre las personas y el ambiente, constituye adem\u00e1s un espacio de reflexi\u00f3n para los visitantes. A lo largo de su recorrido, ofrece puntos panor\u00e1micos que permiten apreciar el paisaje y la biodiversidad dentro de la Reserva.<\/p>\n\n\n\n<figure class=\"wp-block-image size-full\"><img loading=\"lazy\" decoding=\"async\" width=\"757\" height=\"615\" src=\"https:\/\/masquenoticiastucuman.com.ar\/wp-content\/uploads\/2026\/04\/260420095743_26510.jpg\" alt=\"\" class=\"wp-image-60968\" srcset=\"https:\/\/masquenoticiastucuman.com.ar\/wp-content\/uploads\/2026\/04\/260420095743_26510.jpg 757w, https:\/\/masquenoticiastucuman.com.ar\/wp-content\/uploads\/2026\/04\/260420095743_26510-300x244.jpg 300w\" sizes=\"auto, (max-width: 757px) 100vw, 757px\" \/><\/figure>\n\n\n\n<p>La informaci\u00f3n relevada permitir\u00e1 identificar necesidades prioritarias de intervenci\u00f3n y planificar las acciones pendientes, a fin de fortalecer la gesti\u00f3n, conservaci\u00f3n y puesta en valor de este espacio, promoviendo un uso p\u00fablico responsable.<\/p>\n","protected":false},"excerpt":{"rendered":"<p>Se llev\u00f3 a cabo un relevamiento de las acciones implementadas por la Fundaci\u00f3n Proyungas, en&#8230;<\/p>\n","protected":false},"author":2,"featured_media":60969,"comment_status":"open","ping_status":"open","sticky":false,"template":"","format":"standard","meta":{"footnotes":""},"categories":[2],"tags":[],"class_list":["post-60966","post","type-post","status-publish","format-standard","has-post-thumbnail","hentry","category-locales"],"_links":{"self":[{"href":"https:\/\/masquenoticiastucuman.com.ar\/index.php?rest_route=\/wp\/v2\/posts\/60966","targetHints":{"allow":["GET"]}}],"collection":[{"href":"https:\/\/masquenoticiastucuman.com.ar\/index.php?rest_route=\/wp\/v2\/posts"}],"about":[{"href":"https:\/\/masquenoticiastucuman.com.ar\/index.php?rest_route=\/wp\/v2\/types\/post"}],"author":[{"embeddable":true,"href":"https:\/\/masquenoticiastucuman.com.ar\/index.php?rest_route=\/wp\/v2\/users\/2"}],"replies":[{"embeddable":true,"href":"https:\/\/masquenoticiastucuman.com.ar\/index.php?rest_route=%2Fwp%2Fv2%2Fcomments&post=60966"}],"version-history":[{"count":1,"href":"https:\/\/masquenoticiastucuman.com.ar\/index.php?rest_route=\/wp\/v2\/posts\/60966\/revisions"}],"predecessor-version":[{"id":60970,"href":"https:\/\/masquenoticiastucuman.com.ar\/index.php?rest_route=\/wp\/v2\/posts\/60966\/revisions\/60970"}],"wp:featuredmedia":[{"embeddable":true,"href":"https:\/\/masquenoticiastucuman.com.ar\/index.php?rest_route=\/wp\/v2\/media\/60969"}],"wp:attachment":[{"href":"https:\/\/masquenoticiastucuman.com.ar\/index.php?rest_route=%2Fwp%2Fv2%2Fmedia&parent=60966"}],"wp:term":[{"taxonomy":"category","embeddable":true,"href":"https:\/\/masquenoticiastucuman.com.ar\/index.php?rest_route=%2Fwp%2Fv2%2Fcategories&post=60966"},{"taxonomy":"post_tag","embeddable":true,"href":"https:\/\/masquenoticiastucuman.com.ar\/index.php?rest_route=%2Fwp%2Fv2%2Ftags&post=60966"}],"curies":[{"name":"wp","href":"https:\/\/api.w.org\/{rel}","templated":true}]}}