{"id":60971,"date":"2026-04-21T06:01:55","date_gmt":"2026-04-21T09:01:55","guid":{"rendered":"http:\/\/masquenoticiastucuman.com.ar\/?p=60971"},"modified":"2026-04-21T06:01:55","modified_gmt":"2026-04-21T09:01:55","slug":"desaparece-garbarino-tras-la-quiebra-cierran-los-ultimos-locales-y-la-justicia-avanza-con-la-venta-de-sus-bienes","status":"publish","type":"post","link":"https:\/\/masquenoticiastucuman.com.ar\/?p=60971","title":{"rendered":"Desaparece Garbarino tras la quiebra: cierran los \u00faltimos locales y la Justicia avanza con la venta de sus bienes"},"content":{"rendered":"<ul>\n<li>La liquidaci\u00f3n de la empresa es parte del proceso que dispuso el Juzgado el mes pasado. <\/li>\n<li>Se busca detectar los activos a nombre de la compa\u00f1\u00eda para afrontar el pago de la deuda a acreedores.<\/li>\n<li>Hay dudas sobre qu\u00e9 pasar\u00e1 con la marca, ya que es hoy el activo m\u00e1s valioso. <\/li>\n<\/ul>\n<p>\u200bLa liquidaci\u00f3n de la empresa es parte del proceso que dispuso el Juzgado el mes pasado. Se busca detectar los activos a nombre de la compa\u00f1\u00eda para afrontar el pago de la deuda a acreedores.Hay dudas sobre qu\u00e9 pasar\u00e1 con la marca, ya que es hoy el activo m\u00e1s valioso.\u00a0<a href=\"https:\/\/www.clarin.com\/economia\/desaparece-garbarino-quiebra-cierran-ultimos-locales-justicia-avanza-venta-bienes_0_HabcovZZad.html\" target=\"_blank\" class=\"feedzy-rss-link-icon\">Read More<\/a><\/p>","protected":false},"excerpt":{"rendered":"<p>La liquidaci\u00f3n de la empresa es parte del proceso que dispuso el Juzgado el mes&#8230;<\/p>\n","protected":false},"author":1,"featured_media":0,"comment_status":"open","ping_status":"open","sticky":false,"template":"","format":"standard","meta":{"footnotes":""},"categories":[3],"tags":[],"class_list":["post-60971","post","type-post","status-publish","format-standard","has-post-thumbnail","hentry","category-nacionales"],"_links":{"self":[{"href":"https:\/\/masquenoticiastucuman.com.ar\/index.php?rest_route=\/wp\/v2\/posts\/60971","targetHints":{"allow":["GET"]}}],"collection":[{"href":"https:\/\/masquenoticiastucuman.com.ar\/index.php?rest_route=\/wp\/v2\/posts"}],"about":[{"href":"https:\/\/masquenoticiastucuman.com.ar\/index.php?rest_route=\/wp\/v2\/types\/post"}],"author":[{"embeddable":true,"href":"https:\/\/masquenoticiastucuman.com.ar\/index.php?rest_route=\/wp\/v2\/users\/1"}],"replies":[{"embeddable":true,"href":"https:\/\/masquenoticiastucuman.com.ar\/index.php?rest_route=%2Fwp%2Fv2%2Fcomments&post=60971"}],"version-history":[{"count":0,"href":"https:\/\/masquenoticiastucuman.com.ar\/index.php?rest_route=\/wp\/v2\/posts\/60971\/revisions"}],"wp:attachment":[{"href":"https:\/\/masquenoticiastucuman.com.ar\/index.php?rest_route=%2Fwp%2Fv2%2Fmedia&parent=60971"}],"wp:term":[{"taxonomy":"category","embeddable":true,"href":"https:\/\/masquenoticiastucuman.com.ar\/index.php?rest_route=%2Fwp%2Fv2%2Fcategories&post=60971"},{"taxonomy":"post_tag","embeddable":true,"href":"https:\/\/masquenoticiastucuman.com.ar\/index.php?rest_route=%2Fwp%2Fv2%2Ftags&post=60971"}],"curies":[{"name":"wp","href":"https:\/\/api.w.org\/{rel}","templated":true}]}}