{"id":60974,"date":"2026-04-21T08:23:08","date_gmt":"2026-04-21T11:23:08","guid":{"rendered":"https:\/\/masquenoticiastucuman.com.ar\/?p=60974"},"modified":"2026-04-21T08:23:09","modified_gmt":"2026-04-21T11:23:09","slug":"inician-los-trabajos-para-transformar-campo-norte-en-un-gran-parque-metropolitano","status":"publish","type":"post","link":"https:\/\/masquenoticiastucuman.com.ar\/?p=60974","title":{"rendered":"Inician los trabajos para transformar Campo Norte en un gran parque metropolitano"},"content":{"rendered":"\n<p>El Gobierno provincial puso en marcha un operativo de limpieza, desmalezamiento y apertura de calles en el predio de 25 hect\u00e1reas.<\/p>\n\n\n\n<p id=\"isPasted\">El Gobierno provincial puso en marcha un operativo de limpieza, desmalezamiento y apertura de calles en el predio de 25 hect\u00e1reas.&nbsp;<\/p>\n\n\n\n<p>El Ministerio de Obras, Infraestructura y Transporte P\u00fablico comenz\u00f3 esta semana las tareas de reacondicionamiento integral en el complejo Campo Norte, marcando el primer paso para la creaci\u00f3n de un nuevo espacio verde de escala metropolitana en San Miguel de Tucum\u00e1n. Los trabajos iniciales se centran en el desmalezamiento masivo y la limpieza profunda del terreno, adem\u00e1s de la habilitaci\u00f3n de las arterias internas para garantizar la circulaci\u00f3n. Esta intervenci\u00f3n es fundamental para recuperar un sector estrat\u00e9gico de la ciudad que se encontraba en estado de abandono, transform\u00e1ndolo en un entorno seguro y apto para el disfrute de las familias tucumanas.<\/p>\n\n\n\n<p>Ubicado en el cuadrante noroeste de la capital y delimitado por las calles Bolivia, Ecuador, Viamonte y Castelli, el predio cuenta con una superficie disponible de aproximadamente 25 hect\u00e1reas. El anteproyecto t\u00e9cnico contempla una reconversi\u00f3n por etapas que incluir\u00e1 zonas de recreaci\u00f3n, pistas de salud, sectores destinados a actividades culturales y canchas polideportivas.<\/p>\n\n\n\n<p>Adem\u00e1s, el plan de paisajismo prev\u00e9 la conservaci\u00f3n de la flora actual y la incorporaci\u00f3n de especies aut\u00f3ctonas, lo que consolidar\u00e1 a Campo Norte como uno de los principales pulmones ambientales del Gran San Miguel de Tucum\u00e1n, mejorando la calidad del aire y ofreciendo un refugio natural en plena trama urbana.<\/p>\n\n\n\n<p>Este operativo territorial responde a una planificaci\u00f3n estrat\u00e9gica impulsada por el gobernador Osvaldo Jaldo, orientada a jerarquizar el espacio p\u00fablico en toda la provincia. La ejecuci\u00f3n de las tareas es coordinada por el ministro de Obras, Infraestructura y Transporte P\u00fablico, Ing. Marcelo Nazur, y es llevada adelante mediante un esfuerzo conjunto de la Secretar\u00eda de Estado de Obras P\u00fablicas, la Direcci\u00f3n Provincial de Vialidad (DPV) y el Ente de Infraestructura Comunitaria.<\/p>\n\n\n\n<p>La inspecci\u00f3n t\u00e9cnica de los avances fue encabezada por el secretario de Obras P\u00fablicas, Ing. Jorge Chrestia, junto al director de la DPV, Ing. Pablo D\u00edaz, y el administrador del Ente de Infraestructura, Armando &#8220;Cacho&#8221; Cortalezzi.<\/p>\n\n\n\n<p>Durante la supervisi\u00f3n de las tareas el Ing. Chrestia destac\u00f3 la importancia de la recuperaci\u00f3n del predio: &#8220;me encuentro en Campo Norte por instrucciones del gobernador Osvaldo Jaldo y por el ministro Ing. Marcelo Nazur. Estamos trabajando en el reacondicionamiento de todo el predio para que cumpla con el destino para el cual fue cedido: que se convierta en un pulm\u00f3n verde de la ciudad con zonas recreativas, culturales y una pista de salud y deporte.<\/p>\n\n\n\n<p>\u201cHemos iniciado los trabajos de limpieza; estaba muy descuidado, pero ya lo estamos poniendo a punto, habilitando la circulaci\u00f3n y desmalezando. Es un esfuerzo en conjunto de la DPV y el Ente de Infraestructura para darle a la capital el parque que se merece&#8221;, agreg\u00f3.<\/p>\n\n\n\n<p>La puesta en valor de Campo Norte representa un avance significativo en la equidad urbana y la sostenibilidad ambiental de la provincia. Al convertir este vac\u00edo urbano en un parque moderno y equipado, el Gobierno de Tucum\u00e1n promueve h\u00e1bitos de vida saludables y fortalece el encuentro social en un espacio seguro y de calidad para todos los ciudadanos.<\/p>\n","protected":false},"excerpt":{"rendered":"<p>El Gobierno provincial puso en marcha un operativo de limpieza, desmalezamiento y apertura de calles&#8230;<\/p>\n","protected":false},"author":2,"featured_media":60975,"comment_status":"open","ping_status":"open","sticky":false,"template":"","format":"standard","meta":{"footnotes":""},"categories":[2],"tags":[],"class_list":["post-60974","post","type-post","status-publish","format-standard","has-post-thumbnail","hentry","category-locales"],"_links":{"self":[{"href":"https:\/\/masquenoticiastucuman.com.ar\/index.php?rest_route=\/wp\/v2\/posts\/60974","targetHints":{"allow":["GET"]}}],"collection":[{"href":"https:\/\/masquenoticiastucuman.com.ar\/index.php?rest_route=\/wp\/v2\/posts"}],"about":[{"href":"https:\/\/masquenoticiastucuman.com.ar\/index.php?rest_route=\/wp\/v2\/types\/post"}],"author":[{"embeddable":true,"href":"https:\/\/masquenoticiastucuman.com.ar\/index.php?rest_route=\/wp\/v2\/users\/2"}],"replies":[{"embeddable":true,"href":"https:\/\/masquenoticiastucuman.com.ar\/index.php?rest_route=%2Fwp%2Fv2%2Fcomments&post=60974"}],"version-history":[{"count":1,"href":"https:\/\/masquenoticiastucuman.com.ar\/index.php?rest_route=\/wp\/v2\/posts\/60974\/revisions"}],"predecessor-version":[{"id":60976,"href":"https:\/\/masquenoticiastucuman.com.ar\/index.php?rest_route=\/wp\/v2\/posts\/60974\/revisions\/60976"}],"wp:featuredmedia":[{"embeddable":true,"href":"https:\/\/masquenoticiastucuman.com.ar\/index.php?rest_route=\/wp\/v2\/media\/60975"}],"wp:attachment":[{"href":"https:\/\/masquenoticiastucuman.com.ar\/index.php?rest_route=%2Fwp%2Fv2%2Fmedia&parent=60974"}],"wp:term":[{"taxonomy":"category","embeddable":true,"href":"https:\/\/masquenoticiastucuman.com.ar\/index.php?rest_route=%2Fwp%2Fv2%2Fcategories&post=60974"},{"taxonomy":"post_tag","embeddable":true,"href":"https:\/\/masquenoticiastucuman.com.ar\/index.php?rest_route=%2Fwp%2Fv2%2Ftags&post=60974"}],"curies":[{"name":"wp","href":"https:\/\/api.w.org\/{rel}","templated":true}]}}