{"id":60977,"date":"2026-04-21T08:34:01","date_gmt":"2026-04-21T11:34:01","guid":{"rendered":"http:\/\/masquenoticiastucuman.com.ar\/?p=60977"},"modified":"2026-04-21T08:34:01","modified_gmt":"2026-04-21T11:34:01","slug":"veranito-cambiario-la-compra-de-dolares-de-ahorristas-cayo-70-y-faltan-liquidar-us-3-200-millones-de-empresas","status":"publish","type":"post","link":"https:\/\/masquenoticiastucuman.com.ar\/?p=60977","title":{"rendered":"&#8220;Veranito&#8221; cambiario: la compra de d\u00f3lares de ahorristas cay\u00f3 70% y faltan liquidar US$ 3.200 millones de empresas"},"content":{"rendered":"<ul>\n<li>Seg\u00fan estimaciones preliminares del Banco Central, en marzo cay\u00f3 levemente la demanda de divisas de la gente.<\/li>\n<li>El punto de quiebre fueron las elecciones legislativas: pas\u00f3 de US$ 2.500 millones mensuales a US$ 800 millones.<\/li>\n<li>Faltan liquidar un tercio de los d\u00f3lares de emisiones de deuda.<\/li>\n<\/ul>\n<p>\u200bSeg\u00fan estimaciones preliminares del Banco Central, en marzo cay\u00f3 levemente la demanda de divisas de la gente.El punto de quiebre fueron las elecciones legislativas: pas\u00f3 de US$ 2.500 millones mensuales a US$ 800 millones.Faltan liquidar un tercio de los d\u00f3lares de emisiones de deuda.\u00a0<a href=\"https:\/\/www.clarin.com\/economia\/veranito-cambiario-compra-dolares-ahorristas-cayo-70-faltan-liquidar-us-3200-millones-empresas_0_m36cQYFJ03.html\" target=\"_blank\" class=\"feedzy-rss-link-icon\">Read More<\/a><\/p>","protected":false},"excerpt":{"rendered":"<p>Seg\u00fan estimaciones preliminares del Banco Central, en marzo cay\u00f3 levemente la demanda de divisas de&#8230;<\/p>\n","protected":false},"author":1,"featured_media":0,"comment_status":"open","ping_status":"open","sticky":false,"template":"","format":"standard","meta":{"footnotes":""},"categories":[3],"tags":[],"class_list":["post-60977","post","type-post","status-publish","format-standard","has-post-thumbnail","hentry","category-nacionales"],"_links":{"self":[{"href":"https:\/\/masquenoticiastucuman.com.ar\/index.php?rest_route=\/wp\/v2\/posts\/60977","targetHints":{"allow":["GET"]}}],"collection":[{"href":"https:\/\/masquenoticiastucuman.com.ar\/index.php?rest_route=\/wp\/v2\/posts"}],"about":[{"href":"https:\/\/masquenoticiastucuman.com.ar\/index.php?rest_route=\/wp\/v2\/types\/post"}],"author":[{"embeddable":true,"href":"https:\/\/masquenoticiastucuman.com.ar\/index.php?rest_route=\/wp\/v2\/users\/1"}],"replies":[{"embeddable":true,"href":"https:\/\/masquenoticiastucuman.com.ar\/index.php?rest_route=%2Fwp%2Fv2%2Fcomments&post=60977"}],"version-history":[{"count":0,"href":"https:\/\/masquenoticiastucuman.com.ar\/index.php?rest_route=\/wp\/v2\/posts\/60977\/revisions"}],"wp:attachment":[{"href":"https:\/\/masquenoticiastucuman.com.ar\/index.php?rest_route=%2Fwp%2Fv2%2Fmedia&parent=60977"}],"wp:term":[{"taxonomy":"category","embeddable":true,"href":"https:\/\/masquenoticiastucuman.com.ar\/index.php?rest_route=%2Fwp%2Fv2%2Fcategories&post=60977"},{"taxonomy":"post_tag","embeddable":true,"href":"https:\/\/masquenoticiastucuman.com.ar\/index.php?rest_route=%2Fwp%2Fv2%2Ftags&post=60977"}],"curies":[{"name":"wp","href":"https:\/\/api.w.org\/{rel}","templated":true}]}}