{"id":60979,"date":"2026-04-21T08:31:59","date_gmt":"2026-04-21T11:31:59","guid":{"rendered":"http:\/\/masquenoticiastucuman.com.ar\/?p=60979"},"modified":"2026-04-21T08:31:59","modified_gmt":"2026-04-21T11:31:59","slug":"guerra-entre-estados-unidos-israel-e-iran-en-vivo-a-pocas-horas-para-que-venza-la-tregua-pakistan-avanza-con-los-preparativos-para-otra-cumbre-de-paz","status":"publish","type":"post","link":"https:\/\/masquenoticiastucuman.com.ar\/?p=60979","title":{"rendered":"Guerra entre Estados Unidos, Israel e Ir\u00e1n, EN VIVO: a pocas horas para que venza la tregua, Pakist\u00e1n avanza con los preparativos para otra cumbre de paz"},"content":{"rendered":"<ul>\n<li>Washington espera para enviar a su equipo negociador, encabezado por el vicepresidente JD Vance, mientras Teher\u00e1n sostuvo que no negociar\u00e1 bajo las \u201camenazas\u201d de Trump.<\/li>\n<li>Segu\u00ed todas las novedades sobre la guerra entre Estados Unidos, Israel e Ir\u00e1n en la cobertura minuto a minuto de Clar\u00edn.<\/li>\n<\/ul>\n<p>\u200bWashington espera para enviar a su equipo negociador, encabezado por el vicepresidente JD Vance, mientras Teher\u00e1n sostuvo que no negociar\u00e1 bajo las \u201camenazas\u201d de Trump.Segu\u00ed todas las novedades sobre la guerra entre Estados Unidos, Israel e Ir\u00e1n en la cobertura minuto a minuto de Clar\u00edn.\u00a0<a href=\"https:\/\/www.clarin.com\/mundo\/guerra-estados-unidos-israel-iran-vivo-pocas-venza-tregua-pakistan-avanza-preparativos-cumbre-paz_0_hGTAuPodIz.html\" target=\"_blank\" class=\"feedzy-rss-link-icon\">Read More<\/a><\/p>","protected":false},"excerpt":{"rendered":"<p>Washington espera para enviar a su equipo negociador, encabezado por el vicepresidente JD Vance, mientras&#8230;<\/p>\n","protected":false},"author":1,"featured_media":60980,"comment_status":"open","ping_status":"open","sticky":false,"template":"","format":"standard","meta":{"footnotes":""},"categories":[4],"tags":[],"class_list":["post-60979","post","type-post","status-publish","format-standard","has-post-thumbnail","hentry","category-internacionales"],"_links":{"self":[{"href":"https:\/\/masquenoticiastucuman.com.ar\/index.php?rest_route=\/wp\/v2\/posts\/60979","targetHints":{"allow":["GET"]}}],"collection":[{"href":"https:\/\/masquenoticiastucuman.com.ar\/index.php?rest_route=\/wp\/v2\/posts"}],"about":[{"href":"https:\/\/masquenoticiastucuman.com.ar\/index.php?rest_route=\/wp\/v2\/types\/post"}],"author":[{"embeddable":true,"href":"https:\/\/masquenoticiastucuman.com.ar\/index.php?rest_route=\/wp\/v2\/users\/1"}],"replies":[{"embeddable":true,"href":"https:\/\/masquenoticiastucuman.com.ar\/index.php?rest_route=%2Fwp%2Fv2%2Fcomments&post=60979"}],"version-history":[{"count":0,"href":"https:\/\/masquenoticiastucuman.com.ar\/index.php?rest_route=\/wp\/v2\/posts\/60979\/revisions"}],"wp:featuredmedia":[{"embeddable":true,"href":"https:\/\/masquenoticiastucuman.com.ar\/index.php?rest_route=\/wp\/v2\/media\/60980"}],"wp:attachment":[{"href":"https:\/\/masquenoticiastucuman.com.ar\/index.php?rest_route=%2Fwp%2Fv2%2Fmedia&parent=60979"}],"wp:term":[{"taxonomy":"category","embeddable":true,"href":"https:\/\/masquenoticiastucuman.com.ar\/index.php?rest_route=%2Fwp%2Fv2%2Fcategories&post=60979"},{"taxonomy":"post_tag","embeddable":true,"href":"https:\/\/masquenoticiastucuman.com.ar\/index.php?rest_route=%2Fwp%2Fv2%2Ftags&post=60979"}],"curies":[{"name":"wp","href":"https:\/\/api.w.org\/{rel}","templated":true}]}}