{"id":60985,"date":"2026-04-21T10:00:28","date_gmt":"2026-04-21T13:00:28","guid":{"rendered":"http:\/\/masquenoticiastucuman.com.ar\/?p=60985"},"modified":"2026-04-21T10:00:28","modified_gmt":"2026-04-21T13:00:28","slug":"iran-y-estados-unidos-cruzan-amenazas-y-crecen-las-dudas-sobre-un-posible-dialogo-mientras-se-acerca-el-fin-de-la-tregua","status":"publish","type":"post","link":"https:\/\/masquenoticiastucuman.com.ar\/?p=60985","title":{"rendered":"Ir\u00e1n y Estados Unidos cruzan amenazas y crecen las dudas sobre un posible di\u00e1logo mientras se acerca el fin de la tregua"},"content":{"rendered":"<ul>\n<li>Desde Washington se anunci\u00f3 que el vicepresidente JD Vance se preparaba para volver a Pakist\u00e1n y reanudar las negociaciones.<\/li>\n<li>Pero Teher\u00e1n por ahora no envi\u00f3 a ning\u00fan funcionario y advirti\u00f3 que tiene &#8220;nuevas cartas en el campo de batalla&#8221;. <\/li>\n<li>Trump anunci\u00f3 que el alto el fuego vence el mi\u00e9rcoles a la noche y advirti\u00f3 que si no hay acuerdo &#8220;muchas bombas&#8221; caer\u00e1n.<\/li>\n<\/ul>\n<p>\u200bDesde Washington se anunci\u00f3 que el vicepresidente JD Vance se preparaba para volver a Pakist\u00e1n y reanudar las negociaciones.Pero Teher\u00e1n por ahora no envi\u00f3 a ning\u00fan funcionario y advirti\u00f3 que tiene &#8220;nuevas cartas en el campo de batalla&#8221;. Trump anunci\u00f3 que el alto el fuego vence el mi\u00e9rcoles a la noche y advirti\u00f3 que si no hay acuerdo &#8220;muchas bombas&#8221; caer\u00e1n.\u00a0<a href=\"https:\/\/www.clarin.com\/mundo\/iran-estados-unidos-cruzan-amenazas-crecen-dudas-posible-dialogo-acerca-fin-tregua_0_zHi4rppJFQ.html\" target=\"_blank\" class=\"feedzy-rss-link-icon\">Read More<\/a><\/p>","protected":false},"excerpt":{"rendered":"<p>Desde Washington se anunci\u00f3 que el vicepresidente JD Vance se preparaba para volver a Pakist\u00e1n&#8230;<\/p>\n","protected":false},"author":1,"featured_media":60986,"comment_status":"open","ping_status":"open","sticky":false,"template":"","format":"standard","meta":{"footnotes":""},"categories":[4],"tags":[],"class_list":["post-60985","post","type-post","status-publish","format-standard","has-post-thumbnail","hentry","category-internacionales"],"_links":{"self":[{"href":"https:\/\/masquenoticiastucuman.com.ar\/index.php?rest_route=\/wp\/v2\/posts\/60985","targetHints":{"allow":["GET"]}}],"collection":[{"href":"https:\/\/masquenoticiastucuman.com.ar\/index.php?rest_route=\/wp\/v2\/posts"}],"about":[{"href":"https:\/\/masquenoticiastucuman.com.ar\/index.php?rest_route=\/wp\/v2\/types\/post"}],"author":[{"embeddable":true,"href":"https:\/\/masquenoticiastucuman.com.ar\/index.php?rest_route=\/wp\/v2\/users\/1"}],"replies":[{"embeddable":true,"href":"https:\/\/masquenoticiastucuman.com.ar\/index.php?rest_route=%2Fwp%2Fv2%2Fcomments&post=60985"}],"version-history":[{"count":0,"href":"https:\/\/masquenoticiastucuman.com.ar\/index.php?rest_route=\/wp\/v2\/posts\/60985\/revisions"}],"wp:featuredmedia":[{"embeddable":true,"href":"https:\/\/masquenoticiastucuman.com.ar\/index.php?rest_route=\/wp\/v2\/media\/60986"}],"wp:attachment":[{"href":"https:\/\/masquenoticiastucuman.com.ar\/index.php?rest_route=%2Fwp%2Fv2%2Fmedia&parent=60985"}],"wp:term":[{"taxonomy":"category","embeddable":true,"href":"https:\/\/masquenoticiastucuman.com.ar\/index.php?rest_route=%2Fwp%2Fv2%2Fcategories&post=60985"},{"taxonomy":"post_tag","embeddable":true,"href":"https:\/\/masquenoticiastucuman.com.ar\/index.php?rest_route=%2Fwp%2Fv2%2Ftags&post=60985"}],"curies":[{"name":"wp","href":"https:\/\/api.w.org\/{rel}","templated":true}]}}