{"id":60987,"date":"2026-04-21T09:27:26","date_gmt":"2026-04-21T12:27:26","guid":{"rendered":"http:\/\/masquenoticiastucuman.com.ar\/?p=60987"},"modified":"2026-04-21T09:27:26","modified_gmt":"2026-04-21T12:27:26","slug":"el-atacante-de-teotihuacan-admiraba-la-masacre-de-columbine-y-a-hitler-el-nexo-que-lo-une-con-un-crimen-en-una-escuela-de-argentina","status":"publish","type":"post","link":"https:\/\/masquenoticiastucuman.com.ar\/?p=60987","title":{"rendered":"El atacante de Teotihuac\u00e1n admiraba la masacre de Columbine y a Hitler: el nexo que lo une con un crimen en una escuela de Argentina"},"content":{"rendered":"<ul>\n<li>El agresor, que muri\u00f3 tras el ataque y a\u00fan no est\u00e1 claro si por un suicidio o por disparos de las autoridades, fue identificado como Julio C\u00e9sar Jasso Ram\u00edrez, de 27 a\u00f1os y quien viv\u00eda en la Ciudad de M\u00e9xico.<\/li>\n<\/ul>\n<p>\u200bEl agresor, que muri\u00f3 tras el ataque y a\u00fan no est\u00e1 claro si por un suicidio o por disparos de las autoridades, fue identificado como Julio C\u00e9sar Jasso Ram\u00edrez, de 27 a\u00f1os y quien viv\u00eda en la Ciudad de M\u00e9xico.\u00a0<a href=\"https:\/\/www.clarin.com\/mundo\/atacante-teotihuacan-admiraba-masacre-columbine-hitler-nexo-une-crimen-escuela-argentina_0_p3a53JMWk0.html\" target=\"_blank\" class=\"feedzy-rss-link-icon\">Read More<\/a><\/p>","protected":false},"excerpt":{"rendered":"<p>El agresor, que muri\u00f3 tras el ataque y a\u00fan no est\u00e1 claro si por un&#8230;<\/p>\n","protected":false},"author":1,"featured_media":60988,"comment_status":"open","ping_status":"open","sticky":false,"template":"","format":"standard","meta":{"footnotes":""},"categories":[4],"tags":[],"class_list":["post-60987","post","type-post","status-publish","format-standard","has-post-thumbnail","hentry","category-internacionales"],"_links":{"self":[{"href":"https:\/\/masquenoticiastucuman.com.ar\/index.php?rest_route=\/wp\/v2\/posts\/60987","targetHints":{"allow":["GET"]}}],"collection":[{"href":"https:\/\/masquenoticiastucuman.com.ar\/index.php?rest_route=\/wp\/v2\/posts"}],"about":[{"href":"https:\/\/masquenoticiastucuman.com.ar\/index.php?rest_route=\/wp\/v2\/types\/post"}],"author":[{"embeddable":true,"href":"https:\/\/masquenoticiastucuman.com.ar\/index.php?rest_route=\/wp\/v2\/users\/1"}],"replies":[{"embeddable":true,"href":"https:\/\/masquenoticiastucuman.com.ar\/index.php?rest_route=%2Fwp%2Fv2%2Fcomments&post=60987"}],"version-history":[{"count":0,"href":"https:\/\/masquenoticiastucuman.com.ar\/index.php?rest_route=\/wp\/v2\/posts\/60987\/revisions"}],"wp:featuredmedia":[{"embeddable":true,"href":"https:\/\/masquenoticiastucuman.com.ar\/index.php?rest_route=\/wp\/v2\/media\/60988"}],"wp:attachment":[{"href":"https:\/\/masquenoticiastucuman.com.ar\/index.php?rest_route=%2Fwp%2Fv2%2Fmedia&parent=60987"}],"wp:term":[{"taxonomy":"category","embeddable":true,"href":"https:\/\/masquenoticiastucuman.com.ar\/index.php?rest_route=%2Fwp%2Fv2%2Fcategories&post=60987"},{"taxonomy":"post_tag","embeddable":true,"href":"https:\/\/masquenoticiastucuman.com.ar\/index.php?rest_route=%2Fwp%2Fv2%2Ftags&post=60987"}],"curies":[{"name":"wp","href":"https:\/\/api.w.org\/{rel}","templated":true}]}}