{"id":60989,"date":"2026-04-21T10:17:37","date_gmt":"2026-04-21T13:17:37","guid":{"rendered":"http:\/\/masquenoticiastucuman.com.ar\/?p=60989"},"modified":"2026-04-21T10:17:37","modified_gmt":"2026-04-21T13:17:37","slug":"quilmes-rock-2027-un-ano-antes-comienza-la-venta-de-entradas-fecha-horarios-y-lo-que-tenes-que-saber-del-festival","status":"publish","type":"post","link":"https:\/\/masquenoticiastucuman.com.ar\/?p=60989","title":{"rendered":"Quilmes Rock 2027: un a\u00f1o antes comienza la venta de entradas, fecha, horarios y lo que ten\u00e9s que saber del festival"},"content":{"rendered":"<ul>\n<li>Se confirm\u00f3 una nueva edici\u00f3n del festival pionero que marc\u00f3 la historia del rock nacional.<\/li>\n<li>\u00bfCu\u00e1ndo salen a la venta las entradas y qu\u00e9 precio tendr\u00e1n?<\/li>\n<li>Qu\u00e9 se sabe de la grilla de artistas.<\/li>\n<\/ul>\n<p>\u200bSe confirm\u00f3 una nueva edici\u00f3n del festival pionero que marc\u00f3 la historia del rock nacional.\u00bfCu\u00e1ndo salen a la venta las entradas y qu\u00e9 precio tendr\u00e1n?Qu\u00e9 se sabe de la grilla de artistas.\u00a0<a href=\"https:\/\/www.clarin.com\/espectaculos\/quilmes-rock-2027-ano-comienza-venta-entradas-fecha-horarios-tenes-saber-festival_0_keKfflZ8OC.html\" target=\"_blank\" class=\"feedzy-rss-link-icon\">Read More<\/a><\/p>","protected":false},"excerpt":{"rendered":"<p>Se confirm\u00f3 una nueva edici\u00f3n del festival pionero que marc\u00f3 la historia del rock nacional&#8230;.<\/p>\n","protected":false},"author":1,"featured_media":0,"comment_status":"open","ping_status":"open","sticky":false,"template":"","format":"standard","meta":{"footnotes":""},"categories":[5],"tags":[],"class_list":["post-60989","post","type-post","status-publish","format-standard","has-post-thumbnail","hentry","category-espectaculo"],"_links":{"self":[{"href":"https:\/\/masquenoticiastucuman.com.ar\/index.php?rest_route=\/wp\/v2\/posts\/60989","targetHints":{"allow":["GET"]}}],"collection":[{"href":"https:\/\/masquenoticiastucuman.com.ar\/index.php?rest_route=\/wp\/v2\/posts"}],"about":[{"href":"https:\/\/masquenoticiastucuman.com.ar\/index.php?rest_route=\/wp\/v2\/types\/post"}],"author":[{"embeddable":true,"href":"https:\/\/masquenoticiastucuman.com.ar\/index.php?rest_route=\/wp\/v2\/users\/1"}],"replies":[{"embeddable":true,"href":"https:\/\/masquenoticiastucuman.com.ar\/index.php?rest_route=%2Fwp%2Fv2%2Fcomments&post=60989"}],"version-history":[{"count":0,"href":"https:\/\/masquenoticiastucuman.com.ar\/index.php?rest_route=\/wp\/v2\/posts\/60989\/revisions"}],"wp:attachment":[{"href":"https:\/\/masquenoticiastucuman.com.ar\/index.php?rest_route=%2Fwp%2Fv2%2Fmedia&parent=60989"}],"wp:term":[{"taxonomy":"category","embeddable":true,"href":"https:\/\/masquenoticiastucuman.com.ar\/index.php?rest_route=%2Fwp%2Fv2%2Fcategories&post=60989"},{"taxonomy":"post_tag","embeddable":true,"href":"https:\/\/masquenoticiastucuman.com.ar\/index.php?rest_route=%2Fwp%2Fv2%2Ftags&post=60989"}],"curies":[{"name":"wp","href":"https:\/\/api.w.org\/{rel}","templated":true}]}}