{"id":60990,"date":"2026-04-21T10:17:30","date_gmt":"2026-04-21T13:17:30","guid":{"rendered":"http:\/\/masquenoticiastucuman.com.ar\/?p=60990"},"modified":"2026-04-21T10:17:30","modified_gmt":"2026-04-21T13:17:30","slug":"el-como-de-nico-paz-suena-despierto-se-juega-el-pase-a-la-final-de-copa-italia-ante-el-inter-sin-lautaro-martinez","status":"publish","type":"post","link":"https:\/\/masquenoticiastucuman.com.ar\/?p=60990","title":{"rendered":"El Como de Nico Paz sue\u00f1a despierto: se juega el pase a la final de Copa Italia ante el Inter sin Lautaro Mart\u00ednez"},"content":{"rendered":"<ul>\n<li>El Como 1907 tiene la gran oportunidad de jugar su primera final en su historia.<\/li>\n<li>Despu\u00e9s de 40 a\u00f1os los de Nico Paz jugar\u00e1n una semifinal.<\/li>\n<li>La baja del argentino le da otro motivo para creer en la \u00e9pica a los de F\u00e1bregas.<\/li>\n<\/ul>\n<p>\u200bEl Como 1907 tiene la gran oportunidad de jugar su primera final en su historia.Despu\u00e9s de 40 a\u00f1os los de Nico Paz jugar\u00e1n una semifinal.La baja del argentino le da otro motivo para creer en la \u00e9pica a los de F\u00e1bregas.\u00a0<a href=\"https:\/\/www.clarin.com\/deportes\/nico-paz-suena-despierto-juega-pase-final-copa-italia-inter-lautaro-martinez_0_xTTKGH7Kyi.html\" target=\"_blank\" class=\"feedzy-rss-link-icon\">Read More<\/a><\/p>","protected":false},"excerpt":{"rendered":"<p>El Como 1907 tiene la gran oportunidad de jugar su primera final en su historia&#8230;.<\/p>\n","protected":false},"author":1,"featured_media":0,"comment_status":"open","ping_status":"open","sticky":false,"template":"","format":"standard","meta":{"footnotes":""},"categories":[6],"tags":[],"class_list":["post-60990","post","type-post","status-publish","format-standard","has-post-thumbnail","hentry","category-deportes"],"_links":{"self":[{"href":"https:\/\/masquenoticiastucuman.com.ar\/index.php?rest_route=\/wp\/v2\/posts\/60990","targetHints":{"allow":["GET"]}}],"collection":[{"href":"https:\/\/masquenoticiastucuman.com.ar\/index.php?rest_route=\/wp\/v2\/posts"}],"about":[{"href":"https:\/\/masquenoticiastucuman.com.ar\/index.php?rest_route=\/wp\/v2\/types\/post"}],"author":[{"embeddable":true,"href":"https:\/\/masquenoticiastucuman.com.ar\/index.php?rest_route=\/wp\/v2\/users\/1"}],"replies":[{"embeddable":true,"href":"https:\/\/masquenoticiastucuman.com.ar\/index.php?rest_route=%2Fwp%2Fv2%2Fcomments&post=60990"}],"version-history":[{"count":0,"href":"https:\/\/masquenoticiastucuman.com.ar\/index.php?rest_route=\/wp\/v2\/posts\/60990\/revisions"}],"wp:attachment":[{"href":"https:\/\/masquenoticiastucuman.com.ar\/index.php?rest_route=%2Fwp%2Fv2%2Fmedia&parent=60990"}],"wp:term":[{"taxonomy":"category","embeddable":true,"href":"https:\/\/masquenoticiastucuman.com.ar\/index.php?rest_route=%2Fwp%2Fv2%2Fcategories&post=60990"},{"taxonomy":"post_tag","embeddable":true,"href":"https:\/\/masquenoticiastucuman.com.ar\/index.php?rest_route=%2Fwp%2Fv2%2Ftags&post=60990"}],"curies":[{"name":"wp","href":"https:\/\/api.w.org\/{rel}","templated":true}]}}