{"id":60991,"date":"2026-04-21T11:43:29","date_gmt":"2026-04-21T14:43:29","guid":{"rendered":"http:\/\/masquenoticiastucuman.com.ar\/?p=60991"},"modified":"2026-04-21T11:43:29","modified_gmt":"2026-04-21T14:43:29","slug":"salario-minimo-atrasado-la-hora-no-alcanza-para-comprar-medio-kilo-de-pan","status":"publish","type":"post","link":"https:\/\/masquenoticiastucuman.com.ar\/?p=60991","title":{"rendered":"Salario m\u00ednimo atrasado: la hora no alcanza para comprar medio kilo de pan"},"content":{"rendered":"<ul>\n<li>En abril la hora tiene un valor de $ 1.789,<\/li>\n<li>Los pr\u00f3ximos aumentos, hasta agosto, ser\u00edan menores a 1,5%, cuando la inflaci\u00f3n hoy supera el 3% mensual.<\/li>\n<\/ul>\n<p>\u200bEn abril la hora tiene un valor de $ 1.789,Los pr\u00f3ximos aumentos, hasta agosto, ser\u00edan menores a 1,5%, cuando la inflaci\u00f3n hoy supera el 3% mensual.\u00a0<a href=\"https:\/\/www.clarin.com\/economia\/salario-minimo-atrasado-hora-alcanza-comprar-medio-kilo-pan_0_1AnR5XirI1.html\" target=\"_blank\" class=\"feedzy-rss-link-icon\">Read More<\/a><\/p>","protected":false},"excerpt":{"rendered":"<p>En abril la hora tiene un valor de $ 1.789, Los pr\u00f3ximos aumentos, hasta agosto,&#8230;<\/p>\n","protected":false},"author":1,"featured_media":0,"comment_status":"open","ping_status":"open","sticky":false,"template":"","format":"standard","meta":{"footnotes":""},"categories":[3],"tags":[],"class_list":["post-60991","post","type-post","status-publish","format-standard","has-post-thumbnail","hentry","category-nacionales"],"_links":{"self":[{"href":"https:\/\/masquenoticiastucuman.com.ar\/index.php?rest_route=\/wp\/v2\/posts\/60991","targetHints":{"allow":["GET"]}}],"collection":[{"href":"https:\/\/masquenoticiastucuman.com.ar\/index.php?rest_route=\/wp\/v2\/posts"}],"about":[{"href":"https:\/\/masquenoticiastucuman.com.ar\/index.php?rest_route=\/wp\/v2\/types\/post"}],"author":[{"embeddable":true,"href":"https:\/\/masquenoticiastucuman.com.ar\/index.php?rest_route=\/wp\/v2\/users\/1"}],"replies":[{"embeddable":true,"href":"https:\/\/masquenoticiastucuman.com.ar\/index.php?rest_route=%2Fwp%2Fv2%2Fcomments&post=60991"}],"version-history":[{"count":0,"href":"https:\/\/masquenoticiastucuman.com.ar\/index.php?rest_route=\/wp\/v2\/posts\/60991\/revisions"}],"wp:attachment":[{"href":"https:\/\/masquenoticiastucuman.com.ar\/index.php?rest_route=%2Fwp%2Fv2%2Fmedia&parent=60991"}],"wp:term":[{"taxonomy":"category","embeddable":true,"href":"https:\/\/masquenoticiastucuman.com.ar\/index.php?rest_route=%2Fwp%2Fv2%2Fcategories&post=60991"},{"taxonomy":"post_tag","embeddable":true,"href":"https:\/\/masquenoticiastucuman.com.ar\/index.php?rest_route=%2Fwp%2Fv2%2Ftags&post=60991"}],"curies":[{"name":"wp","href":"https:\/\/api.w.org\/{rel}","templated":true}]}}