{"id":60992,"date":"2026-04-21T11:43:13","date_gmt":"2026-04-21T14:43:13","guid":{"rendered":"http:\/\/masquenoticiastucuman.com.ar\/?p=60992"},"modified":"2026-04-21T11:43:13","modified_gmt":"2026-04-21T14:43:13","slug":"apenas-dias-despues-de-vender-la-serenisima-murio-jose-mastellone-el-ultimo-hijo-del-fundador-de-la-empresa","status":"publish","type":"post","link":"https:\/\/masquenoticiastucuman.com.ar\/?p=60992","title":{"rendered":"Apenas d\u00edas despu\u00e9s de vender La Seren\u00edsima, muri\u00f3 Jos\u00e9 Mastellone, el \u00faltimo hijo del fundador de la empresa"},"content":{"rendered":"<ul>\n<li>La firma del acuerdo de venta se produjo hace poco m\u00e1s de un mes.<\/li>\n<li>La empresa hab\u00eda estado durante dos generaciones en manos de los Mastellone.<\/li>\n<\/ul>\n<p>\u200bLa firma del acuerdo de venta se produjo hace poco m\u00e1s de un mes.La empresa hab\u00eda estado durante dos generaciones en manos de los Mastellone.\u00a0<a href=\"https:\/\/www.clarin.com\/economia\/apenas-dias-despues-vender-serenisima-murio-jose-mastellone-ultimo-hijo-fundador-empresa_0_8IPTrugZi4.html\" target=\"_blank\" class=\"feedzy-rss-link-icon\">Read More<\/a><\/p>","protected":false},"excerpt":{"rendered":"<p>La firma del acuerdo de venta se produjo hace poco m\u00e1s de un mes. La&#8230;<\/p>\n","protected":false},"author":1,"featured_media":0,"comment_status":"open","ping_status":"open","sticky":false,"template":"","format":"standard","meta":{"footnotes":""},"categories":[3],"tags":[],"class_list":["post-60992","post","type-post","status-publish","format-standard","has-post-thumbnail","hentry","category-nacionales"],"_links":{"self":[{"href":"https:\/\/masquenoticiastucuman.com.ar\/index.php?rest_route=\/wp\/v2\/posts\/60992","targetHints":{"allow":["GET"]}}],"collection":[{"href":"https:\/\/masquenoticiastucuman.com.ar\/index.php?rest_route=\/wp\/v2\/posts"}],"about":[{"href":"https:\/\/masquenoticiastucuman.com.ar\/index.php?rest_route=\/wp\/v2\/types\/post"}],"author":[{"embeddable":true,"href":"https:\/\/masquenoticiastucuman.com.ar\/index.php?rest_route=\/wp\/v2\/users\/1"}],"replies":[{"embeddable":true,"href":"https:\/\/masquenoticiastucuman.com.ar\/index.php?rest_route=%2Fwp%2Fv2%2Fcomments&post=60992"}],"version-history":[{"count":0,"href":"https:\/\/masquenoticiastucuman.com.ar\/index.php?rest_route=\/wp\/v2\/posts\/60992\/revisions"}],"wp:attachment":[{"href":"https:\/\/masquenoticiastucuman.com.ar\/index.php?rest_route=%2Fwp%2Fv2%2Fmedia&parent=60992"}],"wp:term":[{"taxonomy":"category","embeddable":true,"href":"https:\/\/masquenoticiastucuman.com.ar\/index.php?rest_route=%2Fwp%2Fv2%2Fcategories&post=60992"},{"taxonomy":"post_tag","embeddable":true,"href":"https:\/\/masquenoticiastucuman.com.ar\/index.php?rest_route=%2Fwp%2Fv2%2Ftags&post=60992"}],"curies":[{"name":"wp","href":"https:\/\/api.w.org\/{rel}","templated":true}]}}