{"id":60993,"date":"2026-04-21T11:18:40","date_gmt":"2026-04-21T14:18:40","guid":{"rendered":"http:\/\/masquenoticiastucuman.com.ar\/?p=60993"},"modified":"2026-04-21T11:18:40","modified_gmt":"2026-04-21T14:18:40","slug":"con-el-rostro-de-mama-las-ideas-y-discursos-del-papa-francisco-reviven-en-un-libro-un-ano-despues-de-su-muerte","status":"publish","type":"post","link":"https:\/\/masquenoticiastucuman.com.ar\/?p=60993","title":{"rendered":"&#8220;Con el rostro de mam\u00e1&#8221;: las ideas y discursos del Papa Francisco reviven en un libro, un a\u00f1o despu\u00e9s de su muerte"},"content":{"rendered":"<ul>\n<li>El t\u00edtulo surge de una frase emblem\u00e1tica del pont\u00edfice argentino. <\/li>\n<li>El volumen que est\u00e1 por salir a la venta resume muchos de los discursos  de Jorge Bergoglio, de alto valor documental.<\/li>\n<\/ul>\n<p>\u200bEl t\u00edtulo surge de una frase emblem\u00e1tica del pont\u00edfice argentino. El volumen que est\u00e1 por salir a la venta resume muchos de los discursos  de Jorge Bergoglio, de alto valor documental.\u00a0<a href=\"https:\/\/www.clarin.com\/mundo\/rostro-mama-ideas-discursos-papa-francisco-reviven-libro-ano-despues-muerte_0_JH7HwV2RZg.html\" target=\"_blank\" class=\"feedzy-rss-link-icon\">Read More<\/a><\/p>","protected":false},"excerpt":{"rendered":"<p>El t\u00edtulo surge de una frase emblem\u00e1tica del pont\u00edfice argentino. El volumen que est\u00e1 por&#8230;<\/p>\n","protected":false},"author":1,"featured_media":60994,"comment_status":"open","ping_status":"open","sticky":false,"template":"","format":"standard","meta":{"footnotes":""},"categories":[4],"tags":[],"class_list":["post-60993","post","type-post","status-publish","format-standard","has-post-thumbnail","hentry","category-internacionales"],"_links":{"self":[{"href":"https:\/\/masquenoticiastucuman.com.ar\/index.php?rest_route=\/wp\/v2\/posts\/60993","targetHints":{"allow":["GET"]}}],"collection":[{"href":"https:\/\/masquenoticiastucuman.com.ar\/index.php?rest_route=\/wp\/v2\/posts"}],"about":[{"href":"https:\/\/masquenoticiastucuman.com.ar\/index.php?rest_route=\/wp\/v2\/types\/post"}],"author":[{"embeddable":true,"href":"https:\/\/masquenoticiastucuman.com.ar\/index.php?rest_route=\/wp\/v2\/users\/1"}],"replies":[{"embeddable":true,"href":"https:\/\/masquenoticiastucuman.com.ar\/index.php?rest_route=%2Fwp%2Fv2%2Fcomments&post=60993"}],"version-history":[{"count":0,"href":"https:\/\/masquenoticiastucuman.com.ar\/index.php?rest_route=\/wp\/v2\/posts\/60993\/revisions"}],"wp:featuredmedia":[{"embeddable":true,"href":"https:\/\/masquenoticiastucuman.com.ar\/index.php?rest_route=\/wp\/v2\/media\/60994"}],"wp:attachment":[{"href":"https:\/\/masquenoticiastucuman.com.ar\/index.php?rest_route=%2Fwp%2Fv2%2Fmedia&parent=60993"}],"wp:term":[{"taxonomy":"category","embeddable":true,"href":"https:\/\/masquenoticiastucuman.com.ar\/index.php?rest_route=%2Fwp%2Fv2%2Fcategories&post=60993"},{"taxonomy":"post_tag","embeddable":true,"href":"https:\/\/masquenoticiastucuman.com.ar\/index.php?rest_route=%2Fwp%2Fv2%2Ftags&post=60993"}],"curies":[{"name":"wp","href":"https:\/\/api.w.org\/{rel}","templated":true}]}}