{"id":60995,"date":"2026-04-21T11:09:09","date_gmt":"2026-04-21T14:09:09","guid":{"rendered":"http:\/\/masquenoticiastucuman.com.ar\/?p=60995"},"modified":"2026-04-21T11:09:09","modified_gmt":"2026-04-21T14:09:09","slug":"donald-trump-dice-que-estados-unidos-intercepto-un-barco-con-un-regalo-de-china-para-iran-no-era-muy-agradable","status":"publish","type":"post","link":"https:\/\/masquenoticiastucuman.com.ar\/?p=60995","title":{"rendered":"Donald Trump dice que Estados Unidos intercept\u00f3 un barco con un &#8220;regalo&#8221; de China para Ir\u00e1n: &#8220;No era muy agradable&#8221;"},"content":{"rendered":"<ul>\n<li>El Pent\u00e1gono hab\u00eda anunciado poco antes que hab\u00eda abordado en el Oc\u00e9ano \u00cdndico un petrolero sancionado por supuesto contrabando de crudo en Asia.<\/li>\n<li>Sigue la tensi\u00f3n en aguas internacionales mientras se espera la reanudaci\u00f3n del di\u00e1logo entre Washington y Teher\u00e1n.<\/li>\n<\/ul>\n<p>\u200bEl Pent\u00e1gono hab\u00eda anunciado poco antes que hab\u00eda abordado en el Oc\u00e9ano \u00cdndico un petrolero sancionado por supuesto contrabando de crudo en Asia.Sigue la tensi\u00f3n en aguas internacionales mientras se espera la reanudaci\u00f3n del di\u00e1logo entre Washington y Teher\u00e1n.\u00a0<a href=\"https:\/\/www.clarin.com\/mundo\/donald-trump-dice-estados-unidos-intercepto-barco-regalo-china-iran-agradable_0_IXSRGhEt1S.html\" target=\"_blank\" class=\"feedzy-rss-link-icon\">Read More<\/a><\/p>","protected":false},"excerpt":{"rendered":"<p>El Pent\u00e1gono hab\u00eda anunciado poco antes que hab\u00eda abordado en el Oc\u00e9ano \u00cdndico un petrolero&#8230;<\/p>\n","protected":false},"author":1,"featured_media":60996,"comment_status":"open","ping_status":"open","sticky":false,"template":"","format":"standard","meta":{"footnotes":""},"categories":[4],"tags":[],"class_list":["post-60995","post","type-post","status-publish","format-standard","has-post-thumbnail","hentry","category-internacionales"],"_links":{"self":[{"href":"https:\/\/masquenoticiastucuman.com.ar\/index.php?rest_route=\/wp\/v2\/posts\/60995","targetHints":{"allow":["GET"]}}],"collection":[{"href":"https:\/\/masquenoticiastucuman.com.ar\/index.php?rest_route=\/wp\/v2\/posts"}],"about":[{"href":"https:\/\/masquenoticiastucuman.com.ar\/index.php?rest_route=\/wp\/v2\/types\/post"}],"author":[{"embeddable":true,"href":"https:\/\/masquenoticiastucuman.com.ar\/index.php?rest_route=\/wp\/v2\/users\/1"}],"replies":[{"embeddable":true,"href":"https:\/\/masquenoticiastucuman.com.ar\/index.php?rest_route=%2Fwp%2Fv2%2Fcomments&post=60995"}],"version-history":[{"count":0,"href":"https:\/\/masquenoticiastucuman.com.ar\/index.php?rest_route=\/wp\/v2\/posts\/60995\/revisions"}],"wp:featuredmedia":[{"embeddable":true,"href":"https:\/\/masquenoticiastucuman.com.ar\/index.php?rest_route=\/wp\/v2\/media\/60996"}],"wp:attachment":[{"href":"https:\/\/masquenoticiastucuman.com.ar\/index.php?rest_route=%2Fwp%2Fv2%2Fmedia&parent=60995"}],"wp:term":[{"taxonomy":"category","embeddable":true,"href":"https:\/\/masquenoticiastucuman.com.ar\/index.php?rest_route=%2Fwp%2Fv2%2Fcategories&post=60995"},{"taxonomy":"post_tag","embeddable":true,"href":"https:\/\/masquenoticiastucuman.com.ar\/index.php?rest_route=%2Fwp%2Fv2%2Ftags&post=60995"}],"curies":[{"name":"wp","href":"https:\/\/api.w.org\/{rel}","templated":true}]}}