{"id":60997,"date":"2026-04-21T11:05:09","date_gmt":"2026-04-21T14:05:09","guid":{"rendered":"http:\/\/masquenoticiastucuman.com.ar\/?p=60997"},"modified":"2026-04-21T11:05:09","modified_gmt":"2026-04-21T14:05:09","slug":"rating-del-lunes-la-muerte-de-luis-brandoni-modifico-los-numeros-de-la-tv","status":"publish","type":"post","link":"https:\/\/masquenoticiastucuman.com.ar\/?p=60997","title":{"rendered":"Rating del lunes: la muerte de Luis Brandoni modific\u00f3 los n\u00fameros de la TV"},"content":{"rendered":"<ul>\n<li>Lo m\u00e1s visto del d\u00eda escal\u00f3 a 13,9 puntos de promedio.<\/li>\n<li>Los noticieros, en general, lograron buenas marcas.<\/li>\n<li>Hubo dos salidas en &#8220;Gran hermano&#8221;: una por voluntad propia y otra por decisi\u00f3n del p\u00fablico.<\/li>\n<li>Los que se impusieron en cada canal.<\/li>\n<\/ul>\n<p>\u200bLo m\u00e1s visto del d\u00eda escal\u00f3 a 13,9 puntos de promedio.Los noticieros, en general, lograron buenas marcas.Hubo dos salidas en &#8220;Gran hermano&#8221;: una por voluntad propia y otra por decisi\u00f3n del p\u00fablico.Los que se impusieron en cada canal.\u00a0<a href=\"https:\/\/www.clarin.com\/espectaculos\/rating-lunes-muerte-luis-brandoni-modifico-numeros-tv_0_QrVIxpLoil.html\" target=\"_blank\" class=\"feedzy-rss-link-icon\">Read More<\/a><\/p>","protected":false},"excerpt":{"rendered":"<p>Lo m\u00e1s visto del d\u00eda escal\u00f3 a 13,9 puntos de promedio. Los noticieros, en general,&#8230;<\/p>\n","protected":false},"author":1,"featured_media":0,"comment_status":"open","ping_status":"open","sticky":false,"template":"","format":"standard","meta":{"footnotes":""},"categories":[5],"tags":[],"class_list":["post-60997","post","type-post","status-publish","format-standard","has-post-thumbnail","hentry","category-espectaculo"],"_links":{"self":[{"href":"https:\/\/masquenoticiastucuman.com.ar\/index.php?rest_route=\/wp\/v2\/posts\/60997","targetHints":{"allow":["GET"]}}],"collection":[{"href":"https:\/\/masquenoticiastucuman.com.ar\/index.php?rest_route=\/wp\/v2\/posts"}],"about":[{"href":"https:\/\/masquenoticiastucuman.com.ar\/index.php?rest_route=\/wp\/v2\/types\/post"}],"author":[{"embeddable":true,"href":"https:\/\/masquenoticiastucuman.com.ar\/index.php?rest_route=\/wp\/v2\/users\/1"}],"replies":[{"embeddable":true,"href":"https:\/\/masquenoticiastucuman.com.ar\/index.php?rest_route=%2Fwp%2Fv2%2Fcomments&post=60997"}],"version-history":[{"count":0,"href":"https:\/\/masquenoticiastucuman.com.ar\/index.php?rest_route=\/wp\/v2\/posts\/60997\/revisions"}],"wp:attachment":[{"href":"https:\/\/masquenoticiastucuman.com.ar\/index.php?rest_route=%2Fwp%2Fv2%2Fmedia&parent=60997"}],"wp:term":[{"taxonomy":"category","embeddable":true,"href":"https:\/\/masquenoticiastucuman.com.ar\/index.php?rest_route=%2Fwp%2Fv2%2Fcategories&post=60997"},{"taxonomy":"post_tag","embeddable":true,"href":"https:\/\/masquenoticiastucuman.com.ar\/index.php?rest_route=%2Fwp%2Fv2%2Ftags&post=60997"}],"curies":[{"name":"wp","href":"https:\/\/api.w.org\/{rel}","templated":true}]}}