{"id":61000,"date":"2026-04-21T13:21:26","date_gmt":"2026-04-21T16:21:26","guid":{"rendered":"http:\/\/masquenoticiastucuman.com.ar\/?p=61000"},"modified":"2026-04-21T13:21:26","modified_gmt":"2026-04-21T16:21:26","slug":"el-papa-leon-xiv-recordo-a-francisco-en-su-llegada-a-guinea-ecuatorial","status":"publish","type":"post","link":"https:\/\/masquenoticiastucuman.com.ar\/?p=61000","title":{"rendered":"El Papa Le\u00f3n XIV record\u00f3 a Francisco en su llegada a Guinea Ecuatorial"},"content":{"rendered":"<ul>\n<li>&#8220;Es un santo&#8221;, coment\u00f3 sobre Francisco a sus colaboradores en su d\u00eda, refiri\u00e9ndose a su antecesor.<\/li>\n<li>&#8220;Ha dado tanto a la Iglesia con su vida, su testimonio, su palabra y sus gestos&#8221;, dijo el Santo Padre.<\/li>\n<\/ul>\n<p>\u200b&#8221;Es un santo&#8221;, coment\u00f3 sobre Francisco a sus colaboradores en su d\u00eda, refiri\u00e9ndose a su antecesor.&#8221;Ha dado tanto a la Iglesia con su vida, su testimonio, su palabra y sus gestos&#8221;, dijo el Santo Padre.\u00a0<a href=\"https:\/\/www.clarin.com\/mundo\/papa-leon-xiv-recordo-francisco-llegada-guinea-ecuatorial_0_M3VUz2f0wD.html\" target=\"_blank\" class=\"feedzy-rss-link-icon\">Read More<\/a><\/p>","protected":false},"excerpt":{"rendered":"<p>&#8220;Es un santo&#8221;, coment\u00f3 sobre Francisco a sus colaboradores en su d\u00eda, refiri\u00e9ndose a su&#8230;<\/p>\n","protected":false},"author":1,"featured_media":61001,"comment_status":"open","ping_status":"open","sticky":false,"template":"","format":"standard","meta":{"footnotes":""},"categories":[4],"tags":[],"class_list":["post-61000","post","type-post","status-publish","format-standard","has-post-thumbnail","hentry","category-internacionales"],"_links":{"self":[{"href":"https:\/\/masquenoticiastucuman.com.ar\/index.php?rest_route=\/wp\/v2\/posts\/61000","targetHints":{"allow":["GET"]}}],"collection":[{"href":"https:\/\/masquenoticiastucuman.com.ar\/index.php?rest_route=\/wp\/v2\/posts"}],"about":[{"href":"https:\/\/masquenoticiastucuman.com.ar\/index.php?rest_route=\/wp\/v2\/types\/post"}],"author":[{"embeddable":true,"href":"https:\/\/masquenoticiastucuman.com.ar\/index.php?rest_route=\/wp\/v2\/users\/1"}],"replies":[{"embeddable":true,"href":"https:\/\/masquenoticiastucuman.com.ar\/index.php?rest_route=%2Fwp%2Fv2%2Fcomments&post=61000"}],"version-history":[{"count":0,"href":"https:\/\/masquenoticiastucuman.com.ar\/index.php?rest_route=\/wp\/v2\/posts\/61000\/revisions"}],"wp:featuredmedia":[{"embeddable":true,"href":"https:\/\/masquenoticiastucuman.com.ar\/index.php?rest_route=\/wp\/v2\/media\/61001"}],"wp:attachment":[{"href":"https:\/\/masquenoticiastucuman.com.ar\/index.php?rest_route=%2Fwp%2Fv2%2Fmedia&parent=61000"}],"wp:term":[{"taxonomy":"category","embeddable":true,"href":"https:\/\/masquenoticiastucuman.com.ar\/index.php?rest_route=%2Fwp%2Fv2%2Fcategories&post=61000"},{"taxonomy":"post_tag","embeddable":true,"href":"https:\/\/masquenoticiastucuman.com.ar\/index.php?rest_route=%2Fwp%2Fv2%2Ftags&post=61000"}],"curies":[{"name":"wp","href":"https:\/\/api.w.org\/{rel}","templated":true}]}}