{"id":61002,"date":"2026-04-21T12:39:39","date_gmt":"2026-04-21T15:39:39","guid":{"rendered":"http:\/\/masquenoticiastucuman.com.ar\/?p=61002"},"modified":"2026-04-21T12:39:39","modified_gmt":"2026-04-21T15:39:39","slug":"vamos-a-lograr-un-gran-acuerdo-creo-que-no-tienen-otra-opcion-afirma-donald-trump-mientras-sigue-en-suspenso-el-dialogo-con-iran","status":"publish","type":"post","link":"https:\/\/masquenoticiastucuman.com.ar\/?p=61002","title":{"rendered":"&#8220;Vamos a lograr un gran acuerdo, creo que no tienen otra opci\u00f3n&#8221;, afirma Donald Trump mientras sigue en suspenso el di\u00e1logo con Ir\u00e1n"},"content":{"rendered":"<ul>\n<li>El jefe de la Casa Blanca dijo que Estados Unidos est\u00e1 en una &#8220;posici\u00f3n muy fuerte&#8221;. <\/li>\n<li>Y que los l\u00edderes de iran\u00edes est\u00e1n &#8220;sedientos de sangre&#8221; pero tendr\u00e1n que ceder. Por ahora no se confirm\u00f3 una segunda ronda de di\u00e1logo y el mi\u00e9rcoles vence la tregua.<\/li>\n<\/ul>\n<p>\u200bEl jefe de la Casa Blanca dijo que Estados Unidos est\u00e1 en una &#8220;posici\u00f3n muy fuerte&#8221;. Y que los l\u00edderes de iran\u00edes est\u00e1n &#8220;sedientos de sangre&#8221; pero tendr\u00e1n que ceder. Por ahora no se confirm\u00f3 una segunda ronda de di\u00e1logo y el mi\u00e9rcoles vence la tregua.\u00a0<a href=\"https:\/\/www.clarin.com\/mundo\/vamos-lograr-gran-acuerdo-creo-opcion-afirma-donald-trump-sigue-suspenso-dialogo-iran_0_QTo0uS9Pq9.html\" target=\"_blank\" class=\"feedzy-rss-link-icon\">Read More<\/a><\/p>","protected":false},"excerpt":{"rendered":"<p>El jefe de la Casa Blanca dijo que Estados Unidos est\u00e1 en una &#8220;posici\u00f3n muy&#8230;<\/p>\n","protected":false},"author":1,"featured_media":61003,"comment_status":"open","ping_status":"open","sticky":false,"template":"","format":"standard","meta":{"footnotes":""},"categories":[4],"tags":[],"class_list":["post-61002","post","type-post","status-publish","format-standard","has-post-thumbnail","hentry","category-internacionales"],"_links":{"self":[{"href":"https:\/\/masquenoticiastucuman.com.ar\/index.php?rest_route=\/wp\/v2\/posts\/61002","targetHints":{"allow":["GET"]}}],"collection":[{"href":"https:\/\/masquenoticiastucuman.com.ar\/index.php?rest_route=\/wp\/v2\/posts"}],"about":[{"href":"https:\/\/masquenoticiastucuman.com.ar\/index.php?rest_route=\/wp\/v2\/types\/post"}],"author":[{"embeddable":true,"href":"https:\/\/masquenoticiastucuman.com.ar\/index.php?rest_route=\/wp\/v2\/users\/1"}],"replies":[{"embeddable":true,"href":"https:\/\/masquenoticiastucuman.com.ar\/index.php?rest_route=%2Fwp%2Fv2%2Fcomments&post=61002"}],"version-history":[{"count":0,"href":"https:\/\/masquenoticiastucuman.com.ar\/index.php?rest_route=\/wp\/v2\/posts\/61002\/revisions"}],"wp:featuredmedia":[{"embeddable":true,"href":"https:\/\/masquenoticiastucuman.com.ar\/index.php?rest_route=\/wp\/v2\/media\/61003"}],"wp:attachment":[{"href":"https:\/\/masquenoticiastucuman.com.ar\/index.php?rest_route=%2Fwp%2Fv2%2Fmedia&parent=61002"}],"wp:term":[{"taxonomy":"category","embeddable":true,"href":"https:\/\/masquenoticiastucuman.com.ar\/index.php?rest_route=%2Fwp%2Fv2%2Fcategories&post=61002"},{"taxonomy":"post_tag","embeddable":true,"href":"https:\/\/masquenoticiastucuman.com.ar\/index.php?rest_route=%2Fwp%2Fv2%2Ftags&post=61002"}],"curies":[{"name":"wp","href":"https:\/\/api.w.org\/{rel}","templated":true}]}}