{"id":61004,"date":"2026-04-21T12:41:53","date_gmt":"2026-04-21T15:41:53","guid":{"rendered":"http:\/\/masquenoticiastucuman.com.ar\/?p=61004"},"modified":"2026-04-21T12:41:53","modified_gmt":"2026-04-21T15:41:53","slug":"como-es-el-resto-bien-la-serie-con-benjamin-vicuna-y-daniel-hendler-que-llega-el-jueves-a-flow-y-aborda-la-crisis-masculina-de-los-50","status":"publish","type":"post","link":"https:\/\/masquenoticiastucuman.com.ar\/?p=61004","title":{"rendered":"C\u00f3mo es El Resto Bien, la serie con Benjam\u00edn Vicu\u00f1a y Daniel Hendler que llega el jueves a Flow y aborda la crisis masculina de los 50"},"content":{"rendered":"<ul>\n<li>Con direcci\u00f3n del cineasta Daniel Burman, la comedia se divide en 8 cap\u00edtulos \u00e1giles que siguen la vida del personaje de Vicu\u00f1a, padre de cinco hijos, tambi\u00e9n a cargo de sus padres y diagnosticado con una hernia que lo obliga a un replanteo<\/li>\n<li>La producci\u00f3n apuesta por la dupla de &#8220;El abrazo partido&#8221;, con Burman en la realizaci\u00f3n y Hendler en el protag\u00f3nico (tambi\u00e9n colabora en la direcci\u00f3n).<\/li>\n<\/ul>\n<p>\u200bCon direcci\u00f3n del cineasta Daniel Burman, la comedia se divide en 8 cap\u00edtulos \u00e1giles que siguen la vida del personaje de Vicu\u00f1a, padre de cinco hijos, tambi\u00e9n a cargo de sus padres y diagnosticado con una hernia que lo obliga a un replanteoLa producci\u00f3n apuesta por la dupla de &#8220;El abrazo partido&#8221;, con Burman en la realizaci\u00f3n y Hendler en el protag\u00f3nico (tambi\u00e9n colabora en la direcci\u00f3n).\u00a0<a href=\"https:\/\/www.clarin.com\/espectaculos\/resto-bien-serie-benjamin-vicuna-daniel-hendler-llega-jueves-flow-aborda-crisis-masculina-50_0_ckkdnINO0v.html\" target=\"_blank\" class=\"feedzy-rss-link-icon\">Read More<\/a><\/p>","protected":false},"excerpt":{"rendered":"<p>Con direcci\u00f3n del cineasta Daniel Burman, la comedia se divide en 8 cap\u00edtulos \u00e1giles que&#8230;<\/p>\n","protected":false},"author":1,"featured_media":0,"comment_status":"open","ping_status":"open","sticky":false,"template":"","format":"standard","meta":{"footnotes":""},"categories":[5],"tags":[],"class_list":["post-61004","post","type-post","status-publish","format-standard","has-post-thumbnail","hentry","category-espectaculo"],"_links":{"self":[{"href":"https:\/\/masquenoticiastucuman.com.ar\/index.php?rest_route=\/wp\/v2\/posts\/61004","targetHints":{"allow":["GET"]}}],"collection":[{"href":"https:\/\/masquenoticiastucuman.com.ar\/index.php?rest_route=\/wp\/v2\/posts"}],"about":[{"href":"https:\/\/masquenoticiastucuman.com.ar\/index.php?rest_route=\/wp\/v2\/types\/post"}],"author":[{"embeddable":true,"href":"https:\/\/masquenoticiastucuman.com.ar\/index.php?rest_route=\/wp\/v2\/users\/1"}],"replies":[{"embeddable":true,"href":"https:\/\/masquenoticiastucuman.com.ar\/index.php?rest_route=%2Fwp%2Fv2%2Fcomments&post=61004"}],"version-history":[{"count":0,"href":"https:\/\/masquenoticiastucuman.com.ar\/index.php?rest_route=\/wp\/v2\/posts\/61004\/revisions"}],"wp:attachment":[{"href":"https:\/\/masquenoticiastucuman.com.ar\/index.php?rest_route=%2Fwp%2Fv2%2Fmedia&parent=61004"}],"wp:term":[{"taxonomy":"category","embeddable":true,"href":"https:\/\/masquenoticiastucuman.com.ar\/index.php?rest_route=%2Fwp%2Fv2%2Fcategories&post=61004"},{"taxonomy":"post_tag","embeddable":true,"href":"https:\/\/masquenoticiastucuman.com.ar\/index.php?rest_route=%2Fwp%2Fv2%2Ftags&post=61004"}],"curies":[{"name":"wp","href":"https:\/\/api.w.org\/{rel}","templated":true}]}}