{"id":61005,"date":"2026-04-21T13:15:00","date_gmt":"2026-04-21T16:15:00","guid":{"rendered":"http:\/\/masquenoticiastucuman.com.ar\/?p=61005"},"modified":"2026-04-21T13:15:00","modified_gmt":"2026-04-21T16:15:00","slug":"river-se-confirmo-cual-es-la-nueva-lesion-de-sebastian-driussi-que-le-trae-otro-dolor-de-cabeza-al-chacho-coudet","status":"publish","type":"post","link":"https:\/\/masquenoticiastucuman.com.ar\/?p=61005","title":{"rendered":"River: se confirm\u00f3 cu\u00e1l es la nueva lesi\u00f3n de Sebasti\u00e1n Driussi que le trae otro dolor de cabeza al Chacho Coudet"},"content":{"rendered":"<ul>\n<li>El club comunic\u00f3 que el delantero sufri\u00f3 una rotura fibrilar en el b\u00edceps femoral derecho de grado 2.<\/li>\n<li>El goleador estar\u00eda cerca de un mes sin jugar.<\/li>\n<li>El DT debe pensar c\u00f3mo reemplazarlo.<\/li>\n<\/ul>\n<p>\u200bEl club comunic\u00f3 que el delantero sufri\u00f3 una rotura fibrilar en el b\u00edceps femoral derecho de grado 2.El goleador estar\u00eda cerca de un mes sin jugar.El DT debe pensar c\u00f3mo reemplazarlo.\u00a0<a href=\"https:\/\/www.clarin.com\/deportes\/river-confirmo-nueva-lesion-sebastian-driussi-trae-dolor-cabeza-chacho-coudet_0_lyw9TGS7KX.html\" target=\"_blank\" class=\"feedzy-rss-link-icon\">Read More<\/a><\/p>","protected":false},"excerpt":{"rendered":"<p>El club comunic\u00f3 que el delantero sufri\u00f3 una rotura fibrilar en el b\u00edceps femoral derecho&#8230;<\/p>\n","protected":false},"author":1,"featured_media":0,"comment_status":"open","ping_status":"open","sticky":false,"template":"","format":"standard","meta":{"footnotes":""},"categories":[6],"tags":[],"class_list":["post-61005","post","type-post","status-publish","format-standard","has-post-thumbnail","hentry","category-deportes"],"_links":{"self":[{"href":"https:\/\/masquenoticiastucuman.com.ar\/index.php?rest_route=\/wp\/v2\/posts\/61005","targetHints":{"allow":["GET"]}}],"collection":[{"href":"https:\/\/masquenoticiastucuman.com.ar\/index.php?rest_route=\/wp\/v2\/posts"}],"about":[{"href":"https:\/\/masquenoticiastucuman.com.ar\/index.php?rest_route=\/wp\/v2\/types\/post"}],"author":[{"embeddable":true,"href":"https:\/\/masquenoticiastucuman.com.ar\/index.php?rest_route=\/wp\/v2\/users\/1"}],"replies":[{"embeddable":true,"href":"https:\/\/masquenoticiastucuman.com.ar\/index.php?rest_route=%2Fwp%2Fv2%2Fcomments&post=61005"}],"version-history":[{"count":0,"href":"https:\/\/masquenoticiastucuman.com.ar\/index.php?rest_route=\/wp\/v2\/posts\/61005\/revisions"}],"wp:attachment":[{"href":"https:\/\/masquenoticiastucuman.com.ar\/index.php?rest_route=%2Fwp%2Fv2%2Fmedia&parent=61005"}],"wp:term":[{"taxonomy":"category","embeddable":true,"href":"https:\/\/masquenoticiastucuman.com.ar\/index.php?rest_route=%2Fwp%2Fv2%2Fcategories&post=61005"},{"taxonomy":"post_tag","embeddable":true,"href":"https:\/\/masquenoticiastucuman.com.ar\/index.php?rest_route=%2Fwp%2Fv2%2Ftags&post=61005"}],"curies":[{"name":"wp","href":"https:\/\/api.w.org\/{rel}","templated":true}]}}