{"id":61006,"date":"2026-04-21T12:35:56","date_gmt":"2026-04-21T15:35:56","guid":{"rendered":"http:\/\/masquenoticiastucuman.com.ar\/?p=61006"},"modified":"2026-04-21T12:35:56","modified_gmt":"2026-04-21T15:35:56","slug":"como-estan-hoy-los-mata-mata-del-torneo-apertura-river-ya-se-clasifico-y-dos-grandes-se-estan-quedando-afuera-de-octavos","status":"publish","type":"post","link":"https:\/\/masquenoticiastucuman.com.ar\/?p=61006","title":{"rendered":"C\u00f3mo est\u00e1n hoy los mata-mata del Torneo Apertura: River ya se clasific\u00f3 y dos grandes se est\u00e1n quedando afuera de octavos"},"content":{"rendered":"<ul>\n<li>Este fin de semana se juega la fecha 16 y luego se recuperar\u00e1 la jornada suspendida por el lock out de AFA.<\/li>\n<li>Ac\u00e1, todo lo que ten\u00e9s que saber sobre la definici\u00f3n de la Liga Profesional a dos fechas del final.<\/li>\n<\/ul>\n<p>\u200bEste fin de semana se juega la fecha 16 y luego se recuperar\u00e1 la jornada suspendida por el lock out de AFA.Ac\u00e1, todo lo que ten\u00e9s que saber sobre la definici\u00f3n de la Liga Profesional a dos fechas del final.\u00a0<a href=\"https:\/\/www.clarin.com\/deportes\/hoy-mata-mata-torneo-apertura-river-clasifico-grandes-quedando-afuera-octavos_0_JVUfr0DR1w.html\" target=\"_blank\" class=\"feedzy-rss-link-icon\">Read More<\/a><\/p>","protected":false},"excerpt":{"rendered":"<p>Este fin de semana se juega la fecha 16 y luego se recuperar\u00e1 la jornada&#8230;<\/p>\n","protected":false},"author":1,"featured_media":0,"comment_status":"open","ping_status":"open","sticky":false,"template":"","format":"standard","meta":{"footnotes":""},"categories":[6],"tags":[],"class_list":["post-61006","post","type-post","status-publish","format-standard","has-post-thumbnail","hentry","category-deportes"],"_links":{"self":[{"href":"https:\/\/masquenoticiastucuman.com.ar\/index.php?rest_route=\/wp\/v2\/posts\/61006","targetHints":{"allow":["GET"]}}],"collection":[{"href":"https:\/\/masquenoticiastucuman.com.ar\/index.php?rest_route=\/wp\/v2\/posts"}],"about":[{"href":"https:\/\/masquenoticiastucuman.com.ar\/index.php?rest_route=\/wp\/v2\/types\/post"}],"author":[{"embeddable":true,"href":"https:\/\/masquenoticiastucuman.com.ar\/index.php?rest_route=\/wp\/v2\/users\/1"}],"replies":[{"embeddable":true,"href":"https:\/\/masquenoticiastucuman.com.ar\/index.php?rest_route=%2Fwp%2Fv2%2Fcomments&post=61006"}],"version-history":[{"count":0,"href":"https:\/\/masquenoticiastucuman.com.ar\/index.php?rest_route=\/wp\/v2\/posts\/61006\/revisions"}],"wp:attachment":[{"href":"https:\/\/masquenoticiastucuman.com.ar\/index.php?rest_route=%2Fwp%2Fv2%2Fmedia&parent=61006"}],"wp:term":[{"taxonomy":"category","embeddable":true,"href":"https:\/\/masquenoticiastucuman.com.ar\/index.php?rest_route=%2Fwp%2Fv2%2Fcategories&post=61006"},{"taxonomy":"post_tag","embeddable":true,"href":"https:\/\/masquenoticiastucuman.com.ar\/index.php?rest_route=%2Fwp%2Fv2%2Ftags&post=61006"}],"curies":[{"name":"wp","href":"https:\/\/api.w.org\/{rel}","templated":true}]}}