{"id":61007,"date":"2026-04-21T15:35:39","date_gmt":"2026-04-21T18:35:39","guid":{"rendered":"http:\/\/masquenoticiastucuman.com.ar\/?p=61007"},"modified":"2026-04-21T15:35:39","modified_gmt":"2026-04-21T18:35:39","slug":"la-guerra-el-vice-de-estados-unidos-suspendio-su-viaje-a-pakistan-e-iran-tampoco-confirmo-su-presencia","status":"publish","type":"post","link":"https:\/\/masquenoticiastucuman.com.ar\/?p=61007","title":{"rendered":"La guerra: el vice de Estados Unidos suspendi\u00f3 su viaje a Pakist\u00e1n e Ir\u00e1n tampoco confirm\u00f3 su presencia"},"content":{"rendered":"<p>Post Content\u200b\u00a0<a href=\"https:\/\/www.clarin.com\/mundo\/guerra-vice-estados-unidos-suspendio-viaje-pakistan-iran-confirmo-presencia_0_ZPXorXrV8C.html\" target=\"_blank\" class=\"feedzy-rss-link-icon\">Read More<\/a><\/p>","protected":false},"excerpt":{"rendered":"<p>Post Content\u200b\u00a0Read More<\/p>\n","protected":false},"author":1,"featured_media":61008,"comment_status":"open","ping_status":"open","sticky":false,"template":"","format":"standard","meta":{"footnotes":""},"categories":[4],"tags":[],"class_list":["post-61007","post","type-post","status-publish","format-standard","has-post-thumbnail","hentry","category-internacionales"],"_links":{"self":[{"href":"https:\/\/masquenoticiastucuman.com.ar\/index.php?rest_route=\/wp\/v2\/posts\/61007","targetHints":{"allow":["GET"]}}],"collection":[{"href":"https:\/\/masquenoticiastucuman.com.ar\/index.php?rest_route=\/wp\/v2\/posts"}],"about":[{"href":"https:\/\/masquenoticiastucuman.com.ar\/index.php?rest_route=\/wp\/v2\/types\/post"}],"author":[{"embeddable":true,"href":"https:\/\/masquenoticiastucuman.com.ar\/index.php?rest_route=\/wp\/v2\/users\/1"}],"replies":[{"embeddable":true,"href":"https:\/\/masquenoticiastucuman.com.ar\/index.php?rest_route=%2Fwp%2Fv2%2Fcomments&post=61007"}],"version-history":[{"count":0,"href":"https:\/\/masquenoticiastucuman.com.ar\/index.php?rest_route=\/wp\/v2\/posts\/61007\/revisions"}],"wp:featuredmedia":[{"embeddable":true,"href":"https:\/\/masquenoticiastucuman.com.ar\/index.php?rest_route=\/wp\/v2\/media\/61008"}],"wp:attachment":[{"href":"https:\/\/masquenoticiastucuman.com.ar\/index.php?rest_route=%2Fwp%2Fv2%2Fmedia&parent=61007"}],"wp:term":[{"taxonomy":"category","embeddable":true,"href":"https:\/\/masquenoticiastucuman.com.ar\/index.php?rest_route=%2Fwp%2Fv2%2Fcategories&post=61007"},{"taxonomy":"post_tag","embeddable":true,"href":"https:\/\/masquenoticiastucuman.com.ar\/index.php?rest_route=%2Fwp%2Fv2%2Ftags&post=61007"}],"curies":[{"name":"wp","href":"https:\/\/api.w.org\/{rel}","templated":true}]}}