{"id":61009,"date":"2026-04-21T15:09:22","date_gmt":"2026-04-21T18:09:22","guid":{"rendered":"http:\/\/masquenoticiastucuman.com.ar\/?p=61009"},"modified":"2026-04-21T15:09:22","modified_gmt":"2026-04-21T18:09:22","slug":"estados-unidos-abren-una-investigacion-contra-chatgpt-por-aconsejar-al-tirador-responsable-de-dos-muertes-en-la-universidad-de-florida","status":"publish","type":"post","link":"https:\/\/masquenoticiastucuman.com.ar\/?p=61009","title":{"rendered":"Estados Unidos: abren una investigaci\u00f3n contra ChatGPT por &#8220;aconsejar&#8221; al tirador responsable de dos muertes en la universidad de Florida"},"content":{"rendered":"<ul>\n<li>As\u00ed lo anunci\u00f3 el fiscal general del estado de Florida, que pidi\u00f3 informaci\u00f3n a OpenAI.<\/li>\n<li>El chat habr\u00eda aconsejado al tirador sobre qu\u00e9 armas usar y las municiones adecuadas.<\/li>\n<li>&#8220;Si fuera humano, enfrentar\u00eda cargos por asesinato&#8221;, advirti\u00f3 el funcionario judicial.<\/li>\n<\/ul>\n<p>\u200bAs\u00ed lo anunci\u00f3 el fiscal general del estado de Florida, que pidi\u00f3 informaci\u00f3n a OpenAI.El chat habr\u00eda aconsejado al tirador sobre qu\u00e9 armas usar y las municiones adecuadas.&#8221;Si fuera humano, enfrentar\u00eda cargos por asesinato&#8221;, advirti\u00f3 el funcionario judicial.\u00a0<a href=\"https:\/\/www.clarin.com\/mundo\/estados-unidos-abren-investigacion-chatgpt-aconsejar-tirador-responsable-muertes-universidad-florida_0_6cWM1xZGP8.html\" target=\"_blank\" class=\"feedzy-rss-link-icon\">Read More<\/a><\/p>","protected":false},"excerpt":{"rendered":"<p>As\u00ed lo anunci\u00f3 el fiscal general del estado de Florida, que pidi\u00f3 informaci\u00f3n a OpenAI&#8230;.<\/p>\n","protected":false},"author":1,"featured_media":61010,"comment_status":"open","ping_status":"open","sticky":false,"template":"","format":"standard","meta":{"footnotes":""},"categories":[4],"tags":[],"class_list":["post-61009","post","type-post","status-publish","format-standard","has-post-thumbnail","hentry","category-internacionales"],"_links":{"self":[{"href":"https:\/\/masquenoticiastucuman.com.ar\/index.php?rest_route=\/wp\/v2\/posts\/61009","targetHints":{"allow":["GET"]}}],"collection":[{"href":"https:\/\/masquenoticiastucuman.com.ar\/index.php?rest_route=\/wp\/v2\/posts"}],"about":[{"href":"https:\/\/masquenoticiastucuman.com.ar\/index.php?rest_route=\/wp\/v2\/types\/post"}],"author":[{"embeddable":true,"href":"https:\/\/masquenoticiastucuman.com.ar\/index.php?rest_route=\/wp\/v2\/users\/1"}],"replies":[{"embeddable":true,"href":"https:\/\/masquenoticiastucuman.com.ar\/index.php?rest_route=%2Fwp%2Fv2%2Fcomments&post=61009"}],"version-history":[{"count":0,"href":"https:\/\/masquenoticiastucuman.com.ar\/index.php?rest_route=\/wp\/v2\/posts\/61009\/revisions"}],"wp:featuredmedia":[{"embeddable":true,"href":"https:\/\/masquenoticiastucuman.com.ar\/index.php?rest_route=\/wp\/v2\/media\/61010"}],"wp:attachment":[{"href":"https:\/\/masquenoticiastucuman.com.ar\/index.php?rest_route=%2Fwp%2Fv2%2Fmedia&parent=61009"}],"wp:term":[{"taxonomy":"category","embeddable":true,"href":"https:\/\/masquenoticiastucuman.com.ar\/index.php?rest_route=%2Fwp%2Fv2%2Fcategories&post=61009"},{"taxonomy":"post_tag","embeddable":true,"href":"https:\/\/masquenoticiastucuman.com.ar\/index.php?rest_route=%2Fwp%2Fv2%2Ftags&post=61009"}],"curies":[{"name":"wp","href":"https:\/\/api.w.org\/{rel}","templated":true}]}}