{"id":61012,"date":"2026-04-21T15:36:00","date_gmt":"2026-04-21T18:36:00","guid":{"rendered":"http:\/\/masquenoticiastucuman.com.ar\/?p=61012"},"modified":"2026-04-21T15:36:00","modified_gmt":"2026-04-21T18:36:00","slug":"inter-de-milan-vs-como-1907-de-nico-paz-en-vivo-por-la-copa-italia-a-que-hora-es-y-como-ver-en-vivo","status":"publish","type":"post","link":"https:\/\/masquenoticiastucuman.com.ar\/?p=61012","title":{"rendered":"Inter de Mil\u00e1n vs Como 1907 de Nico Paz, EN VIVO por la Copa Italia: a qu\u00e9 hora es y c\u00f3mo ver en vivo"},"content":{"rendered":"<ul>\n<li>Los Nerazzurri buscan definir en casa la serie, que qued\u00f3 igualada 0-0 en la ida.<\/li>\n<li>La visita llega a Mil\u00e1n con la chance de jugar la primera final de su historia.<\/li>\n<li>Lautaro Mart\u00ednez, afctado por una lesi\u00f3n muscular, es baja en la semifinal.<\/li>\n<\/ul>\n<p>\u200bLos Nerazzurri buscan definir en casa la serie, que qued\u00f3 igualada 0-0 en la ida.La visita llega a Mil\u00e1n con la chance de jugar la primera final de su historia.Lautaro Mart\u00ednez, afctado por una lesi\u00f3n muscular, es baja en la semifinal.\u00a0<a href=\"https:\/\/www.clarin.com\/deportes\/inter-milan-vs-1907-nico-paz-vivo-copa-italia-hora-ver-vivo_0_NgLioHx0mJ.html\" target=\"_blank\" class=\"feedzy-rss-link-icon\">Read More<\/a><\/p>","protected":false},"excerpt":{"rendered":"<p>Los Nerazzurri buscan definir en casa la serie, que qued\u00f3 igualada 0-0 en la ida&#8230;.<\/p>\n","protected":false},"author":1,"featured_media":0,"comment_status":"open","ping_status":"open","sticky":false,"template":"","format":"standard","meta":{"footnotes":""},"categories":[6],"tags":[],"class_list":["post-61012","post","type-post","status-publish","format-standard","has-post-thumbnail","hentry","category-deportes"],"_links":{"self":[{"href":"https:\/\/masquenoticiastucuman.com.ar\/index.php?rest_route=\/wp\/v2\/posts\/61012","targetHints":{"allow":["GET"]}}],"collection":[{"href":"https:\/\/masquenoticiastucuman.com.ar\/index.php?rest_route=\/wp\/v2\/posts"}],"about":[{"href":"https:\/\/masquenoticiastucuman.com.ar\/index.php?rest_route=\/wp\/v2\/types\/post"}],"author":[{"embeddable":true,"href":"https:\/\/masquenoticiastucuman.com.ar\/index.php?rest_route=\/wp\/v2\/users\/1"}],"replies":[{"embeddable":true,"href":"https:\/\/masquenoticiastucuman.com.ar\/index.php?rest_route=%2Fwp%2Fv2%2Fcomments&post=61012"}],"version-history":[{"count":0,"href":"https:\/\/masquenoticiastucuman.com.ar\/index.php?rest_route=\/wp\/v2\/posts\/61012\/revisions"}],"wp:attachment":[{"href":"https:\/\/masquenoticiastucuman.com.ar\/index.php?rest_route=%2Fwp%2Fv2%2Fmedia&parent=61012"}],"wp:term":[{"taxonomy":"category","embeddable":true,"href":"https:\/\/masquenoticiastucuman.com.ar\/index.php?rest_route=%2Fwp%2Fv2%2Fcategories&post=61012"},{"taxonomy":"post_tag","embeddable":true,"href":"https:\/\/masquenoticiastucuman.com.ar\/index.php?rest_route=%2Fwp%2Fv2%2Ftags&post=61012"}],"curies":[{"name":"wp","href":"https:\/\/api.w.org\/{rel}","templated":true}]}}