{"id":61014,"date":"2026-04-21T15:38:16","date_gmt":"2026-04-21T18:38:16","guid":{"rendered":"http:\/\/masquenoticiastucuman.com.ar\/?p=61014"},"modified":"2026-04-21T15:38:16","modified_gmt":"2026-04-21T18:38:16","slug":"milei-cambiara-la-economia-argentina-o-la-economia-argentina-lo-cambiara-a-milei","status":"publish","type":"post","link":"https:\/\/masquenoticiastucuman.com.ar\/?p=61014","title":{"rendered":"\u00bfMilei cambiar\u00e1 la econom\u00eda argentina o la econom\u00eda argentina lo cambiar\u00e1 a Milei?"},"content":{"rendered":"<p>El Presidente ahora no oculta la vasta evidencia emp\u00edrica que hay en que bajar la inflaci\u00f3n a un d\u00edgito anual no es posible de lograr en un par de a\u00f1os. Tambi\u00e9n se incentiva una baja de la tasa de inter\u00e9s. Las diferencias entre el 2026 de Milei y el 2018 de Macri.<\/p>\n<p>\u200bEl Presidente ahora no oculta la vasta evidencia emp\u00edrica que hay en que bajar la inflaci\u00f3n a un d\u00edgito anual no es posible de lograr en un par de a\u00f1os. Tambi\u00e9n se incentiva una baja de la tasa de inter\u00e9s. Las diferencias entre el 2026 de Milei y el 2018 de Macri.\u00a0<a href=\"https:\/\/www.clarin.com\/economia\/milei-cambiara-economia-argentina-economia-argentina-cambiara-milei_0_d9W9FjSHkT.html\" target=\"_blank\" class=\"feedzy-rss-link-icon\">Read More<\/a><\/p>","protected":false},"excerpt":{"rendered":"<p>El Presidente ahora no oculta la vasta evidencia emp\u00edrica que hay en que bajar la&#8230;<\/p>\n","protected":false},"author":1,"featured_media":0,"comment_status":"open","ping_status":"open","sticky":false,"template":"","format":"standard","meta":{"footnotes":""},"categories":[3],"tags":[],"class_list":["post-61014","post","type-post","status-publish","format-standard","has-post-thumbnail","hentry","category-nacionales"],"_links":{"self":[{"href":"https:\/\/masquenoticiastucuman.com.ar\/index.php?rest_route=\/wp\/v2\/posts\/61014","targetHints":{"allow":["GET"]}}],"collection":[{"href":"https:\/\/masquenoticiastucuman.com.ar\/index.php?rest_route=\/wp\/v2\/posts"}],"about":[{"href":"https:\/\/masquenoticiastucuman.com.ar\/index.php?rest_route=\/wp\/v2\/types\/post"}],"author":[{"embeddable":true,"href":"https:\/\/masquenoticiastucuman.com.ar\/index.php?rest_route=\/wp\/v2\/users\/1"}],"replies":[{"embeddable":true,"href":"https:\/\/masquenoticiastucuman.com.ar\/index.php?rest_route=%2Fwp%2Fv2%2Fcomments&post=61014"}],"version-history":[{"count":0,"href":"https:\/\/masquenoticiastucuman.com.ar\/index.php?rest_route=\/wp\/v2\/posts\/61014\/revisions"}],"wp:attachment":[{"href":"https:\/\/masquenoticiastucuman.com.ar\/index.php?rest_route=%2Fwp%2Fv2%2Fmedia&parent=61014"}],"wp:term":[{"taxonomy":"category","embeddable":true,"href":"https:\/\/masquenoticiastucuman.com.ar\/index.php?rest_route=%2Fwp%2Fv2%2Fcategories&post=61014"},{"taxonomy":"post_tag","embeddable":true,"href":"https:\/\/masquenoticiastucuman.com.ar\/index.php?rest_route=%2Fwp%2Fv2%2Ftags&post=61014"}],"curies":[{"name":"wp","href":"https:\/\/api.w.org\/{rel}","templated":true}]}}