{"id":61015,"date":"2026-04-21T14:45:13","date_gmt":"2026-04-21T17:45:13","guid":{"rendered":"http:\/\/masquenoticiastucuman.com.ar\/?p=61015"},"modified":"2026-04-21T14:45:13","modified_gmt":"2026-04-21T17:45:13","slug":"crecio-en-el-primer-trimestre-mas-del-50-el-ingreso-de-dolares-por-las-exportaciones-de-carne-vacuna-el-impacto-de-la-ampliacion-del-cupo-a-estados-unidos","status":"publish","type":"post","link":"https:\/\/masquenoticiastucuman.com.ar\/?p=61015","title":{"rendered":"Creci\u00f3 en el primer trimestre m\u00e1s del 50% el ingreso de d\u00f3lares por las exportaciones de carne vacuna : el impacto de la ampliaci\u00f3n del cupo a Estados Unidos"},"content":{"rendered":"<ul>\n<li>Los embarques totalizaron 164 mil toneladas por un valor de US$ 1.070 millones en los primeros tres meses del a\u00f1o.<\/li>\n<li>Fue por la mejora de precios y el crecimiento de los vol\u00famenes de los embarques.<\/li>\n<\/ul>\n<p><\/p>\n<p>\u200bLos embarques totalizaron 164 mil toneladas por un valor de US$ 1.070 millones en los primeros tres meses del a\u00f1o.Fue por la mejora de precios y el crecimiento de los vol\u00famenes de los embarques.\u00a0<a href=\"https:\/\/www.clarin.com\/rural\/crecio-primer-trimestre-50-ingreso-dolares-exportaciones-carne-vacuna-impacto-ampliacion-cupo-estados-unidos_0_7NY7j5sC4z.html\" target=\"_blank\" class=\"feedzy-rss-link-icon\">Read More<\/a><\/p>","protected":false},"excerpt":{"rendered":"<p>Los embarques totalizaron 164 mil toneladas por un valor de US$ 1.070 millones en los&#8230;<\/p>\n","protected":false},"author":1,"featured_media":0,"comment_status":"open","ping_status":"open","sticky":false,"template":"","format":"standard","meta":{"footnotes":""},"categories":[3],"tags":[],"class_list":["post-61015","post","type-post","status-publish","format-standard","has-post-thumbnail","hentry","category-nacionales"],"_links":{"self":[{"href":"https:\/\/masquenoticiastucuman.com.ar\/index.php?rest_route=\/wp\/v2\/posts\/61015","targetHints":{"allow":["GET"]}}],"collection":[{"href":"https:\/\/masquenoticiastucuman.com.ar\/index.php?rest_route=\/wp\/v2\/posts"}],"about":[{"href":"https:\/\/masquenoticiastucuman.com.ar\/index.php?rest_route=\/wp\/v2\/types\/post"}],"author":[{"embeddable":true,"href":"https:\/\/masquenoticiastucuman.com.ar\/index.php?rest_route=\/wp\/v2\/users\/1"}],"replies":[{"embeddable":true,"href":"https:\/\/masquenoticiastucuman.com.ar\/index.php?rest_route=%2Fwp%2Fv2%2Fcomments&post=61015"}],"version-history":[{"count":0,"href":"https:\/\/masquenoticiastucuman.com.ar\/index.php?rest_route=\/wp\/v2\/posts\/61015\/revisions"}],"wp:attachment":[{"href":"https:\/\/masquenoticiastucuman.com.ar\/index.php?rest_route=%2Fwp%2Fv2%2Fmedia&parent=61015"}],"wp:term":[{"taxonomy":"category","embeddable":true,"href":"https:\/\/masquenoticiastucuman.com.ar\/index.php?rest_route=%2Fwp%2Fv2%2Fcategories&post=61015"},{"taxonomy":"post_tag","embeddable":true,"href":"https:\/\/masquenoticiastucuman.com.ar\/index.php?rest_route=%2Fwp%2Fv2%2Ftags&post=61015"}],"curies":[{"name":"wp","href":"https:\/\/api.w.org\/{rel}","templated":true}]}}