{"id":61016,"date":"2026-04-21T13:50:39","date_gmt":"2026-04-21T16:50:39","guid":{"rendered":"http:\/\/masquenoticiastucuman.com.ar\/?p=61016"},"modified":"2026-04-21T13:50:39","modified_gmt":"2026-04-21T16:50:39","slug":"que-dijeron-caputo-y-bausili-en-privado-con-inversores-en-ee-uu-las-cuatro-dudas-del-mercado-y-dos-medidas-clave","status":"publish","type":"post","link":"https:\/\/masquenoticiastucuman.com.ar\/?p=61016","title":{"rendered":"Qu\u00e9 dijeron Caputo y Bausili en privado con inversores en EE.UU.: las cuatro dudas del mercado y dos medidas clave"},"content":{"rendered":"<ul>\n<li>El equipo econ\u00f3mico mantuvo reuniones con ejecutivos en su \u00faltimo paso por Washington. <\/li>\n<li>Anticipan una ca\u00edda de tasas por dos decisiones del BCRA. <\/li>\n<li>En el mercado ven con preocupaci\u00f3n la mora en los cr\u00e9ditos y el impacto social de la marcha de la actividad.<\/li>\n<\/ul>\n<p><\/p>\n<p>\u200bEl equipo econ\u00f3mico mantuvo reuniones con ejecutivos en su \u00faltimo paso por Washington. Anticipan una ca\u00edda de tasas por dos decisiones del BCRA. En el mercado ven con preocupaci\u00f3n la mora en los cr\u00e9ditos y el impacto social de la marcha de la actividad.\u00a0<a href=\"https:\/\/www.clarin.com\/economia\/caputo-bausili-inversores-eeuu-dudas-mercado-medidas-clave_0_ibO17fAsnR.html\" target=\"_blank\" class=\"feedzy-rss-link-icon\">Read More<\/a><\/p>","protected":false},"excerpt":{"rendered":"<p>El equipo econ\u00f3mico mantuvo reuniones con ejecutivos en su \u00faltimo paso por Washington. Anticipan una&#8230;<\/p>\n","protected":false},"author":1,"featured_media":0,"comment_status":"open","ping_status":"open","sticky":false,"template":"","format":"standard","meta":{"footnotes":""},"categories":[3],"tags":[],"class_list":["post-61016","post","type-post","status-publish","format-standard","has-post-thumbnail","hentry","category-nacionales"],"_links":{"self":[{"href":"https:\/\/masquenoticiastucuman.com.ar\/index.php?rest_route=\/wp\/v2\/posts\/61016","targetHints":{"allow":["GET"]}}],"collection":[{"href":"https:\/\/masquenoticiastucuman.com.ar\/index.php?rest_route=\/wp\/v2\/posts"}],"about":[{"href":"https:\/\/masquenoticiastucuman.com.ar\/index.php?rest_route=\/wp\/v2\/types\/post"}],"author":[{"embeddable":true,"href":"https:\/\/masquenoticiastucuman.com.ar\/index.php?rest_route=\/wp\/v2\/users\/1"}],"replies":[{"embeddable":true,"href":"https:\/\/masquenoticiastucuman.com.ar\/index.php?rest_route=%2Fwp%2Fv2%2Fcomments&post=61016"}],"version-history":[{"count":0,"href":"https:\/\/masquenoticiastucuman.com.ar\/index.php?rest_route=\/wp\/v2\/posts\/61016\/revisions"}],"wp:attachment":[{"href":"https:\/\/masquenoticiastucuman.com.ar\/index.php?rest_route=%2Fwp%2Fv2%2Fmedia&parent=61016"}],"wp:term":[{"taxonomy":"category","embeddable":true,"href":"https:\/\/masquenoticiastucuman.com.ar\/index.php?rest_route=%2Fwp%2Fv2%2Fcategories&post=61016"},{"taxonomy":"post_tag","embeddable":true,"href":"https:\/\/masquenoticiastucuman.com.ar\/index.php?rest_route=%2Fwp%2Fv2%2Ftags&post=61016"}],"curies":[{"name":"wp","href":"https:\/\/api.w.org\/{rel}","templated":true}]}}