{"id":61017,"date":"2026-04-21T17:20:47","date_gmt":"2026-04-21T20:20:47","guid":{"rendered":"http:\/\/masquenoticiastucuman.com.ar\/?p=61017"},"modified":"2026-04-21T17:20:47","modified_gmt":"2026-04-21T20:20:47","slug":"la-guerra-contra-iran-ahora-trump-dice-que-la-tregua-continua-a-pedido-de-pakistan","status":"publish","type":"post","link":"https:\/\/masquenoticiastucuman.com.ar\/?p=61017","title":{"rendered":"La guerra contra Ir\u00e1n: ahora Trump dice que la tregua contin\u00faa a pedido de Pakist\u00e1n"},"content":{"rendered":"<ul>\n<li>Dijo que ser\u00e1 hasta que Teher\u00e1n presente una propuesta de acuerdo.<\/li>\n<\/ul>\n<p>\u200bDijo que ser\u00e1 hasta que Teher\u00e1n presente una propuesta de acuerdo.\u00a0<a href=\"https:\/\/www.clarin.com\/mundo\/guerra-iran-ahora-trump-dice-tregua-continua-pedido-pakistan_0_Bb0W2p68Vf.html\" target=\"_blank\" class=\"feedzy-rss-link-icon\">Read More<\/a><\/p>","protected":false},"excerpt":{"rendered":"<p>Dijo que ser\u00e1 hasta que Teher\u00e1n presente una propuesta de acuerdo. \u200bDijo que ser\u00e1 hasta&#8230;<\/p>\n","protected":false},"author":1,"featured_media":61018,"comment_status":"open","ping_status":"open","sticky":false,"template":"","format":"standard","meta":{"footnotes":""},"categories":[4],"tags":[],"class_list":["post-61017","post","type-post","status-publish","format-standard","has-post-thumbnail","hentry","category-internacionales"],"_links":{"self":[{"href":"https:\/\/masquenoticiastucuman.com.ar\/index.php?rest_route=\/wp\/v2\/posts\/61017","targetHints":{"allow":["GET"]}}],"collection":[{"href":"https:\/\/masquenoticiastucuman.com.ar\/index.php?rest_route=\/wp\/v2\/posts"}],"about":[{"href":"https:\/\/masquenoticiastucuman.com.ar\/index.php?rest_route=\/wp\/v2\/types\/post"}],"author":[{"embeddable":true,"href":"https:\/\/masquenoticiastucuman.com.ar\/index.php?rest_route=\/wp\/v2\/users\/1"}],"replies":[{"embeddable":true,"href":"https:\/\/masquenoticiastucuman.com.ar\/index.php?rest_route=%2Fwp%2Fv2%2Fcomments&post=61017"}],"version-history":[{"count":0,"href":"https:\/\/masquenoticiastucuman.com.ar\/index.php?rest_route=\/wp\/v2\/posts\/61017\/revisions"}],"wp:featuredmedia":[{"embeddable":true,"href":"https:\/\/masquenoticiastucuman.com.ar\/index.php?rest_route=\/wp\/v2\/media\/61018"}],"wp:attachment":[{"href":"https:\/\/masquenoticiastucuman.com.ar\/index.php?rest_route=%2Fwp%2Fv2%2Fmedia&parent=61017"}],"wp:term":[{"taxonomy":"category","embeddable":true,"href":"https:\/\/masquenoticiastucuman.com.ar\/index.php?rest_route=%2Fwp%2Fv2%2Fcategories&post=61017"},{"taxonomy":"post_tag","embeddable":true,"href":"https:\/\/masquenoticiastucuman.com.ar\/index.php?rest_route=%2Fwp%2Fv2%2Ftags&post=61017"}],"curies":[{"name":"wp","href":"https:\/\/api.w.org\/{rel}","templated":true}]}}