{"id":61019,"date":"2026-04-21T17:01:55","date_gmt":"2026-04-21T20:01:55","guid":{"rendered":"http:\/\/masquenoticiastucuman.com.ar\/?p=61019"},"modified":"2026-04-21T17:01:55","modified_gmt":"2026-04-21T20:01:55","slug":"la-guerra-contra-iran-entre-cafes-y-paseos-los-habitantes-de-teheran-aprovechan-la-tregua-mientras-dure","status":"publish","type":"post","link":"https:\/\/masquenoticiastucuman.com.ar\/?p=61019","title":{"rendered":"La guerra contra Ir\u00e1n: entre caf\u00e9s y paseos, los habitantes de Teher\u00e1n aprovechan la tregua mientras dure"},"content":{"rendered":"<ul>\n<li>El norte de Teher\u00e1n y sus callejuelas, con un estilo de vida m\u00e1s occidentalizado que en otras partes, parecen un oasis de calma que contrasta con el ajetreo del resto de la capital de m\u00e1s de 10 millones de habitantes.<\/li>\n<li>El r\u00e9gimen persa afirm\u00f3 este martes que a\u00fan no ha enviado una delegaci\u00f3n a Pakist\u00e1n para una segunda ronda de negociaciones. Y seg\u00fan el presidente estadounidense, Donald Trump, el alto el fuego expira el mi\u00e9rcoles por la noche, hora de Washington.<\/li>\n<\/ul>\n<p>\u200bEl norte de Teher\u00e1n y sus callejuelas, con un estilo de vida m\u00e1s occidentalizado que en otras partes, parecen un oasis de calma que contrasta con el ajetreo del resto de la capital de m\u00e1s de 10 millones de habitantes.El r\u00e9gimen persa afirm\u00f3 este martes que a\u00fan no ha enviado una delegaci\u00f3n a Pakist\u00e1n para una segunda ronda de negociaciones. Y seg\u00fan el presidente estadounidense, Donald Trump, el alto el fuego expira el mi\u00e9rcoles por la noche, hora de Washington.\u00a0<a href=\"https:\/\/www.clarin.com\/mundo\/guerra-iran-cafes-paseos-habitantes-teheran-aprovechan-tregua-dure_0_bh8j8QzHiB.html\" target=\"_blank\" class=\"feedzy-rss-link-icon\">Read More<\/a><\/p>","protected":false},"excerpt":{"rendered":"<p>El norte de Teher\u00e1n y sus callejuelas, con un estilo de vida m\u00e1s occidentalizado que&#8230;<\/p>\n","protected":false},"author":1,"featured_media":61020,"comment_status":"open","ping_status":"open","sticky":false,"template":"","format":"standard","meta":{"footnotes":""},"categories":[4],"tags":[],"class_list":["post-61019","post","type-post","status-publish","format-standard","has-post-thumbnail","hentry","category-internacionales"],"_links":{"self":[{"href":"https:\/\/masquenoticiastucuman.com.ar\/index.php?rest_route=\/wp\/v2\/posts\/61019","targetHints":{"allow":["GET"]}}],"collection":[{"href":"https:\/\/masquenoticiastucuman.com.ar\/index.php?rest_route=\/wp\/v2\/posts"}],"about":[{"href":"https:\/\/masquenoticiastucuman.com.ar\/index.php?rest_route=\/wp\/v2\/types\/post"}],"author":[{"embeddable":true,"href":"https:\/\/masquenoticiastucuman.com.ar\/index.php?rest_route=\/wp\/v2\/users\/1"}],"replies":[{"embeddable":true,"href":"https:\/\/masquenoticiastucuman.com.ar\/index.php?rest_route=%2Fwp%2Fv2%2Fcomments&post=61019"}],"version-history":[{"count":0,"href":"https:\/\/masquenoticiastucuman.com.ar\/index.php?rest_route=\/wp\/v2\/posts\/61019\/revisions"}],"wp:featuredmedia":[{"embeddable":true,"href":"https:\/\/masquenoticiastucuman.com.ar\/index.php?rest_route=\/wp\/v2\/media\/61020"}],"wp:attachment":[{"href":"https:\/\/masquenoticiastucuman.com.ar\/index.php?rest_route=%2Fwp%2Fv2%2Fmedia&parent=61019"}],"wp:term":[{"taxonomy":"category","embeddable":true,"href":"https:\/\/masquenoticiastucuman.com.ar\/index.php?rest_route=%2Fwp%2Fv2%2Fcategories&post=61019"},{"taxonomy":"post_tag","embeddable":true,"href":"https:\/\/masquenoticiastucuman.com.ar\/index.php?rest_route=%2Fwp%2Fv2%2Ftags&post=61019"}],"curies":[{"name":"wp","href":"https:\/\/api.w.org\/{rel}","templated":true}]}}