{"id":61021,"date":"2026-04-21T16:14:50","date_gmt":"2026-04-21T19:14:50","guid":{"rendered":"http:\/\/masquenoticiastucuman.com.ar\/?p=61021"},"modified":"2026-04-21T16:14:50","modified_gmt":"2026-04-21T19:14:50","slug":"franco-colapinto-road-show-se-confirmaron-los-horarios-para-ver-al-piloto-argentino-con-un-formula-1-en-las-calles-de-palermo","status":"publish","type":"post","link":"https:\/\/masquenoticiastucuman.com.ar\/?p=61021","title":{"rendered":"Franco Colapinto Road Show: se confirmaron los horarios para ver al piloto argentino con un F\u00f3rmula 1 en las calles de Palermo"},"content":{"rendered":"<ul>\n<li>Este domingo, el pilarense realizar\u00e1 una exhibici\u00f3n en un circuito callejero entre las avenidas Sarmiento y Libertador.<\/li>\n<li>Despu\u00e9s de 14 a\u00f1os, un F\u00f3rmula 1 volver\u00e1 a circular en la Argentina.<\/li>\n<li>C\u00f3mo avanza el circuito y los cortes programados para los pr\u00f3ximos d\u00edas.<\/li>\n<\/ul>\n<p>\u200bEste domingo, el pilarense realizar\u00e1 una exhibici\u00f3n en un circuito callejero entre las avenidas Sarmiento y Libertador.Despu\u00e9s de 14 a\u00f1os, un F\u00f3rmula 1 volver\u00e1 a circular en la Argentina.C\u00f3mo avanza el circuito y los cortes programados para los pr\u00f3ximos d\u00edas.\u00a0<a href=\"https:\/\/www.clarin.com\/deportes\/franco-colapinto-road-show-confirmaron-horarios-ver-piloto-argentino-formula-1-calles-palermo_0_0Sc0jDIXK1.html\" target=\"_blank\" class=\"feedzy-rss-link-icon\">Read More<\/a><\/p>","protected":false},"excerpt":{"rendered":"<p>Este domingo, el pilarense realizar\u00e1 una exhibici\u00f3n en un circuito callejero entre las avenidas Sarmiento&#8230;<\/p>\n","protected":false},"author":1,"featured_media":0,"comment_status":"open","ping_status":"open","sticky":false,"template":"","format":"standard","meta":{"footnotes":""},"categories":[6],"tags":[],"class_list":["post-61021","post","type-post","status-publish","format-standard","has-post-thumbnail","hentry","category-deportes"],"_links":{"self":[{"href":"https:\/\/masquenoticiastucuman.com.ar\/index.php?rest_route=\/wp\/v2\/posts\/61021","targetHints":{"allow":["GET"]}}],"collection":[{"href":"https:\/\/masquenoticiastucuman.com.ar\/index.php?rest_route=\/wp\/v2\/posts"}],"about":[{"href":"https:\/\/masquenoticiastucuman.com.ar\/index.php?rest_route=\/wp\/v2\/types\/post"}],"author":[{"embeddable":true,"href":"https:\/\/masquenoticiastucuman.com.ar\/index.php?rest_route=\/wp\/v2\/users\/1"}],"replies":[{"embeddable":true,"href":"https:\/\/masquenoticiastucuman.com.ar\/index.php?rest_route=%2Fwp%2Fv2%2Fcomments&post=61021"}],"version-history":[{"count":0,"href":"https:\/\/masquenoticiastucuman.com.ar\/index.php?rest_route=\/wp\/v2\/posts\/61021\/revisions"}],"wp:attachment":[{"href":"https:\/\/masquenoticiastucuman.com.ar\/index.php?rest_route=%2Fwp%2Fv2%2Fmedia&parent=61021"}],"wp:term":[{"taxonomy":"category","embeddable":true,"href":"https:\/\/masquenoticiastucuman.com.ar\/index.php?rest_route=%2Fwp%2Fv2%2Fcategories&post=61021"},{"taxonomy":"post_tag","embeddable":true,"href":"https:\/\/masquenoticiastucuman.com.ar\/index.php?rest_route=%2Fwp%2Fv2%2Ftags&post=61021"}],"curies":[{"name":"wp","href":"https:\/\/api.w.org\/{rel}","templated":true}]}}