{"id":61022,"date":"2026-04-21T19:17:51","date_gmt":"2026-04-21T22:17:51","guid":{"rendered":"http:\/\/masquenoticiastucuman.com.ar\/?p=61022"},"modified":"2026-04-21T19:17:51","modified_gmt":"2026-04-21T22:17:51","slug":"la-justicia-le-dio-cinco-dias-a-manaos-para-que-le-pague-800-millones-a-un-exempleado","status":"publish","type":"post","link":"https:\/\/masquenoticiastucuman.com.ar\/?p=61022","title":{"rendered":"La Justicia le dio cinco d\u00edas a Manaos para que le pague $ 800 millones a un exempleado"},"content":{"rendered":"<ul>\n<li>La Corte de Mendoza le orden\u00f3 a la empresa Refres Now que abone ese monto por despido sin causa e irregularidades en la registraci\u00f3n laboral.<\/li>\n<li>As\u00ed ratific\u00f3 una sentencia de febrero de este a\u00f1o.<\/li>\n<\/ul>\n<p>\u200bLa Corte de Mendoza le orden\u00f3 a la empresa Refres Now que abone ese monto por despido sin causa e irregularidades en la registraci\u00f3n laboral.As\u00ed ratific\u00f3 una sentencia de febrero de este a\u00f1o.\u00a0<a href=\"https:\/\/www.clarin.com\/economia\/justicia-dio-dias-manaos-pague-800-millones-exempleado_0_2jIz3YYfkf.html\" target=\"_blank\" class=\"feedzy-rss-link-icon\">Read More<\/a><\/p>","protected":false},"excerpt":{"rendered":"<p>La Corte de Mendoza le orden\u00f3 a la empresa Refres Now que abone ese monto&#8230;<\/p>\n","protected":false},"author":1,"featured_media":0,"comment_status":"open","ping_status":"open","sticky":false,"template":"","format":"standard","meta":{"footnotes":""},"categories":[3],"tags":[],"class_list":["post-61022","post","type-post","status-publish","format-standard","has-post-thumbnail","hentry","category-nacionales"],"_links":{"self":[{"href":"https:\/\/masquenoticiastucuman.com.ar\/index.php?rest_route=\/wp\/v2\/posts\/61022","targetHints":{"allow":["GET"]}}],"collection":[{"href":"https:\/\/masquenoticiastucuman.com.ar\/index.php?rest_route=\/wp\/v2\/posts"}],"about":[{"href":"https:\/\/masquenoticiastucuman.com.ar\/index.php?rest_route=\/wp\/v2\/types\/post"}],"author":[{"embeddable":true,"href":"https:\/\/masquenoticiastucuman.com.ar\/index.php?rest_route=\/wp\/v2\/users\/1"}],"replies":[{"embeddable":true,"href":"https:\/\/masquenoticiastucuman.com.ar\/index.php?rest_route=%2Fwp%2Fv2%2Fcomments&post=61022"}],"version-history":[{"count":0,"href":"https:\/\/masquenoticiastucuman.com.ar\/index.php?rest_route=\/wp\/v2\/posts\/61022\/revisions"}],"wp:attachment":[{"href":"https:\/\/masquenoticiastucuman.com.ar\/index.php?rest_route=%2Fwp%2Fv2%2Fmedia&parent=61022"}],"wp:term":[{"taxonomy":"category","embeddable":true,"href":"https:\/\/masquenoticiastucuman.com.ar\/index.php?rest_route=%2Fwp%2Fv2%2Fcategories&post=61022"},{"taxonomy":"post_tag","embeddable":true,"href":"https:\/\/masquenoticiastucuman.com.ar\/index.php?rest_route=%2Fwp%2Fv2%2Ftags&post=61022"}],"curies":[{"name":"wp","href":"https:\/\/api.w.org\/{rel}","templated":true}]}}