{"id":61023,"date":"2026-04-21T19:11:31","date_gmt":"2026-04-21T22:11:31","guid":{"rendered":"http:\/\/masquenoticiastucuman.com.ar\/?p=61023"},"modified":"2026-04-21T19:11:31","modified_gmt":"2026-04-21T22:11:31","slug":"la-concesion-de-la-hidrovia-se-empieza-a-definir-hoy-con-la-mirada-atenta-de-ee-uu","status":"publish","type":"post","link":"https:\/\/masquenoticiastucuman.com.ar\/?p=61023","title":{"rendered":"La concesi\u00f3n de la Hidrov\u00eda se empieza a definir hoy, con la mirada atenta de EE.UU."},"content":{"rendered":"<ul>\n<li>El Gobierno abre este mi\u00e9rcoles las ofertas t\u00e9cnicas de las dos empresas que siguen en carrera para concesionar la Hidrov\u00eda.<\/li>\n<li>La definici\u00f3n impactar\u00e1 en el 80% del comercio exterior argentino.<\/li>\n<\/ul>\n<p>\u200bEl Gobierno abre este mi\u00e9rcoles las ofertas t\u00e9cnicas de las dos empresas que siguen en carrera para concesionar la Hidrov\u00eda.La definici\u00f3n impactar\u00e1 en el 80% del comercio exterior argentino.\u00a0<a href=\"https:\/\/www.clarin.com\/economia\/concesion-hidrovia-empieza-definir-hoy-mirada-atenta-eeuu_0_8EIuwuOykq.html\" target=\"_blank\" class=\"feedzy-rss-link-icon\">Read More<\/a><\/p>","protected":false},"excerpt":{"rendered":"<p>El Gobierno abre este mi\u00e9rcoles las ofertas t\u00e9cnicas de las dos empresas que siguen en&#8230;<\/p>\n","protected":false},"author":1,"featured_media":0,"comment_status":"open","ping_status":"open","sticky":false,"template":"","format":"standard","meta":{"footnotes":""},"categories":[3],"tags":[],"class_list":["post-61023","post","type-post","status-publish","format-standard","has-post-thumbnail","hentry","category-nacionales"],"_links":{"self":[{"href":"https:\/\/masquenoticiastucuman.com.ar\/index.php?rest_route=\/wp\/v2\/posts\/61023","targetHints":{"allow":["GET"]}}],"collection":[{"href":"https:\/\/masquenoticiastucuman.com.ar\/index.php?rest_route=\/wp\/v2\/posts"}],"about":[{"href":"https:\/\/masquenoticiastucuman.com.ar\/index.php?rest_route=\/wp\/v2\/types\/post"}],"author":[{"embeddable":true,"href":"https:\/\/masquenoticiastucuman.com.ar\/index.php?rest_route=\/wp\/v2\/users\/1"}],"replies":[{"embeddable":true,"href":"https:\/\/masquenoticiastucuman.com.ar\/index.php?rest_route=%2Fwp%2Fv2%2Fcomments&post=61023"}],"version-history":[{"count":0,"href":"https:\/\/masquenoticiastucuman.com.ar\/index.php?rest_route=\/wp\/v2\/posts\/61023\/revisions"}],"wp:attachment":[{"href":"https:\/\/masquenoticiastucuman.com.ar\/index.php?rest_route=%2Fwp%2Fv2%2Fmedia&parent=61023"}],"wp:term":[{"taxonomy":"category","embeddable":true,"href":"https:\/\/masquenoticiastucuman.com.ar\/index.php?rest_route=%2Fwp%2Fv2%2Fcategories&post=61023"},{"taxonomy":"post_tag","embeddable":true,"href":"https:\/\/masquenoticiastucuman.com.ar\/index.php?rest_route=%2Fwp%2Fv2%2Ftags&post=61023"}],"curies":[{"name":"wp","href":"https:\/\/api.w.org\/{rel}","templated":true}]}}