{"id":61026,"date":"2026-04-21T18:04:47","date_gmt":"2026-04-21T21:04:47","guid":{"rendered":"http:\/\/masquenoticiastucuman.com.ar\/?p=61026"},"modified":"2026-04-21T18:04:47","modified_gmt":"2026-04-21T21:04:47","slug":"donald-trump-evalua-mandar-al-congo-a-afganos-que-colaboraron-con-estados-unidos-durante-la-guerra-con-los-taliban","status":"publish","type":"post","link":"https:\/\/masquenoticiastucuman.com.ar\/?p=61026","title":{"rendered":"Donald Trump eval\u00faa mandar al Congo a afganos que colaboraron con Estados Unidos durante la guerra con los talib\u00e1n"},"content":{"rendered":"<ul>\n<li>Son hasta 1.100 personas que asistieron a las fuerzas estadounidenses en el conflicto con Afganist\u00e1n y que iban a reasentarse en EE.UU.<\/li>\n<li>Ahora, deber\u00e1n elegir entre volver a vivir bajo el r\u00e9gimen talib\u00e1n o mudarse al pa\u00eds africano.<\/li>\n<\/ul>\n<p>\u200bSon hasta 1.100 personas que asistieron a las fuerzas estadounidenses en el conflicto con Afganist\u00e1n y que iban a reasentarse en EE.UU.Ahora, deber\u00e1n elegir entre volver a vivir bajo el r\u00e9gimen talib\u00e1n o mudarse al pa\u00eds africano.\u00a0<a href=\"https:\/\/www.clarin.com\/mundo\/donald-trump-evalua-mandar-congo-afganos-colaboraron-estados-unidos-guerra-taliban_0_taafha08Mt.html\" target=\"_blank\" class=\"feedzy-rss-link-icon\">Read More<\/a><\/p>","protected":false},"excerpt":{"rendered":"<p>Son hasta 1.100 personas que asistieron a las fuerzas estadounidenses en el conflicto con Afganist\u00e1n&#8230;<\/p>\n","protected":false},"author":1,"featured_media":61027,"comment_status":"open","ping_status":"open","sticky":false,"template":"","format":"standard","meta":{"footnotes":""},"categories":[4],"tags":[],"class_list":["post-61026","post","type-post","status-publish","format-standard","has-post-thumbnail","hentry","category-internacionales"],"_links":{"self":[{"href":"https:\/\/masquenoticiastucuman.com.ar\/index.php?rest_route=\/wp\/v2\/posts\/61026","targetHints":{"allow":["GET"]}}],"collection":[{"href":"https:\/\/masquenoticiastucuman.com.ar\/index.php?rest_route=\/wp\/v2\/posts"}],"about":[{"href":"https:\/\/masquenoticiastucuman.com.ar\/index.php?rest_route=\/wp\/v2\/types\/post"}],"author":[{"embeddable":true,"href":"https:\/\/masquenoticiastucuman.com.ar\/index.php?rest_route=\/wp\/v2\/users\/1"}],"replies":[{"embeddable":true,"href":"https:\/\/masquenoticiastucuman.com.ar\/index.php?rest_route=%2Fwp%2Fv2%2Fcomments&post=61026"}],"version-history":[{"count":0,"href":"https:\/\/masquenoticiastucuman.com.ar\/index.php?rest_route=\/wp\/v2\/posts\/61026\/revisions"}],"wp:featuredmedia":[{"embeddable":true,"href":"https:\/\/masquenoticiastucuman.com.ar\/index.php?rest_route=\/wp\/v2\/media\/61027"}],"wp:attachment":[{"href":"https:\/\/masquenoticiastucuman.com.ar\/index.php?rest_route=%2Fwp%2Fv2%2Fmedia&parent=61026"}],"wp:term":[{"taxonomy":"category","embeddable":true,"href":"https:\/\/masquenoticiastucuman.com.ar\/index.php?rest_route=%2Fwp%2Fv2%2Fcategories&post=61026"},{"taxonomy":"post_tag","embeddable":true,"href":"https:\/\/masquenoticiastucuman.com.ar\/index.php?rest_route=%2Fwp%2Fv2%2Ftags&post=61026"}],"curies":[{"name":"wp","href":"https:\/\/api.w.org\/{rel}","templated":true}]}}