{"id":61028,"date":"2026-04-21T18:11:32","date_gmt":"2026-04-21T21:11:32","guid":{"rendered":"http:\/\/masquenoticiastucuman.com.ar\/?p=61028"},"modified":"2026-04-21T18:11:32","modified_gmt":"2026-04-21T21:11:32","slug":"turandot-en-una-mirada-diversa-una-soprano-trans-la-protagonizara-por-primera-vez","status":"publish","type":"post","link":"https:\/\/masquenoticiastucuman.com.ar\/?p=61028","title":{"rendered":"Turandot, en una mirada diversa: una soprano trans la protagonizar\u00e1 por primera vez"},"content":{"rendered":"<ul>\n<li>La \u00f3pera de Giacomo Puccini llegar\u00e1 al Teatro Avenida con Mar\u00eda Castillo de Lima.<\/li>\n<li>Ser\u00e1 en el marco del centenario de su debut en la Ciudad de Buenos Aires.<\/li>\n<\/ul>\n<p>\u200bLa \u00f3pera de Giacomo Puccini llegar\u00e1 al Teatro Avenida con Mar\u00eda Castillo de Lima.Ser\u00e1 en el marco del centenario de su debut en la Ciudad de Buenos Aires.\u00a0<a href=\"https:\/\/www.clarin.com\/espectaculos\/turandot-mirada-diversa-soprano-trans-protagonizara-primera-vez_0_bMFnNAlwn0.html\" target=\"_blank\" class=\"feedzy-rss-link-icon\">Read More<\/a><\/p>","protected":false},"excerpt":{"rendered":"<p>La \u00f3pera de Giacomo Puccini llegar\u00e1 al Teatro Avenida con Mar\u00eda Castillo de Lima. Ser\u00e1&#8230;<\/p>\n","protected":false},"author":1,"featured_media":0,"comment_status":"open","ping_status":"open","sticky":false,"template":"","format":"standard","meta":{"footnotes":""},"categories":[5],"tags":[],"class_list":["post-61028","post","type-post","status-publish","format-standard","has-post-thumbnail","hentry","category-espectaculo"],"_links":{"self":[{"href":"https:\/\/masquenoticiastucuman.com.ar\/index.php?rest_route=\/wp\/v2\/posts\/61028","targetHints":{"allow":["GET"]}}],"collection":[{"href":"https:\/\/masquenoticiastucuman.com.ar\/index.php?rest_route=\/wp\/v2\/posts"}],"about":[{"href":"https:\/\/masquenoticiastucuman.com.ar\/index.php?rest_route=\/wp\/v2\/types\/post"}],"author":[{"embeddable":true,"href":"https:\/\/masquenoticiastucuman.com.ar\/index.php?rest_route=\/wp\/v2\/users\/1"}],"replies":[{"embeddable":true,"href":"https:\/\/masquenoticiastucuman.com.ar\/index.php?rest_route=%2Fwp%2Fv2%2Fcomments&post=61028"}],"version-history":[{"count":0,"href":"https:\/\/masquenoticiastucuman.com.ar\/index.php?rest_route=\/wp\/v2\/posts\/61028\/revisions"}],"wp:attachment":[{"href":"https:\/\/masquenoticiastucuman.com.ar\/index.php?rest_route=%2Fwp%2Fv2%2Fmedia&parent=61028"}],"wp:term":[{"taxonomy":"category","embeddable":true,"href":"https:\/\/masquenoticiastucuman.com.ar\/index.php?rest_route=%2Fwp%2Fv2%2Fcategories&post=61028"},{"taxonomy":"post_tag","embeddable":true,"href":"https:\/\/masquenoticiastucuman.com.ar\/index.php?rest_route=%2Fwp%2Fv2%2Ftags&post=61028"}],"curies":[{"name":"wp","href":"https:\/\/api.w.org\/{rel}","templated":true}]}}