{"id":61029,"date":"2026-04-21T19:14:32","date_gmt":"2026-04-21T22:14:32","guid":{"rendered":"http:\/\/masquenoticiastucuman.com.ar\/?p=61029"},"modified":"2026-04-21T19:14:32","modified_gmt":"2026-04-21T22:14:32","slug":"boca-con-hinchas-visitantes-a-florencio-varela-precios-y-cuando-salen-a-la-venta-las-entradas-para-el-partido-con-defensa-y-justicia","status":"publish","type":"post","link":"https:\/\/masquenoticiastucuman.com.ar\/?p=61029","title":{"rendered":"Boca, con hinchas visitantes a Florencio Varela: precios y cu\u00e1ndo salen a la venta las entradas para el partido con Defensa y Justicia"},"content":{"rendered":"<ul>\n<li>El partido del equipo de Claudio \u00dabeda contra el Halc\u00f3n ser\u00e1 el jueves por la noche.<\/li>\n<li>La p\u00e1gina oficial del club comparti\u00f3 la informaci\u00f3n y aclar\u00f3 que ser\u00e1 solo para socios.<\/li>\n<li>El Xeneize viene de ganarle a River el Supercl\u00e1sico y luego cierra en Santiago del Estero.<\/li>\n<\/ul>\n<p>\u200bEl partido del equipo de Claudio \u00dabeda contra el Halc\u00f3n ser\u00e1 el jueves por la noche.La p\u00e1gina oficial del club comparti\u00f3 la informaci\u00f3n y aclar\u00f3 que ser\u00e1 solo para socios.El Xeneize viene de ganarle a River el Supercl\u00e1sico y luego cierra en Santiago del Estero.\u00a0<a href=\"https:\/\/www.clarin.com\/deportes\/boca-hinchas-visitantes-defensa-justicia-precios-salen-venta-entradas-partido-florencio-varela_0_U7wo9nFu6Y.html\" target=\"_blank\" class=\"feedzy-rss-link-icon\">Read More<\/a><\/p>","protected":false},"excerpt":{"rendered":"<p>El partido del equipo de Claudio \u00dabeda contra el Halc\u00f3n ser\u00e1 el jueves por la&#8230;<\/p>\n","protected":false},"author":1,"featured_media":0,"comment_status":"open","ping_status":"open","sticky":false,"template":"","format":"standard","meta":{"footnotes":""},"categories":[6],"tags":[],"class_list":["post-61029","post","type-post","status-publish","format-standard","has-post-thumbnail","hentry","category-deportes"],"_links":{"self":[{"href":"https:\/\/masquenoticiastucuman.com.ar\/index.php?rest_route=\/wp\/v2\/posts\/61029","targetHints":{"allow":["GET"]}}],"collection":[{"href":"https:\/\/masquenoticiastucuman.com.ar\/index.php?rest_route=\/wp\/v2\/posts"}],"about":[{"href":"https:\/\/masquenoticiastucuman.com.ar\/index.php?rest_route=\/wp\/v2\/types\/post"}],"author":[{"embeddable":true,"href":"https:\/\/masquenoticiastucuman.com.ar\/index.php?rest_route=\/wp\/v2\/users\/1"}],"replies":[{"embeddable":true,"href":"https:\/\/masquenoticiastucuman.com.ar\/index.php?rest_route=%2Fwp%2Fv2%2Fcomments&post=61029"}],"version-history":[{"count":0,"href":"https:\/\/masquenoticiastucuman.com.ar\/index.php?rest_route=\/wp\/v2\/posts\/61029\/revisions"}],"wp:attachment":[{"href":"https:\/\/masquenoticiastucuman.com.ar\/index.php?rest_route=%2Fwp%2Fv2%2Fmedia&parent=61029"}],"wp:term":[{"taxonomy":"category","embeddable":true,"href":"https:\/\/masquenoticiastucuman.com.ar\/index.php?rest_route=%2Fwp%2Fv2%2Fcategories&post=61029"},{"taxonomy":"post_tag","embeddable":true,"href":"https:\/\/masquenoticiastucuman.com.ar\/index.php?rest_route=%2Fwp%2Fv2%2Ftags&post=61029"}],"curies":[{"name":"wp","href":"https:\/\/api.w.org\/{rel}","templated":true}]}}