{"id":61030,"date":"2026-04-21T19:01:24","date_gmt":"2026-04-21T22:01:24","guid":{"rendered":"http:\/\/masquenoticiastucuman.com.ar\/?p=61030"},"modified":"2026-04-21T19:01:24","modified_gmt":"2026-04-21T22:01:24","slug":"los-abogados-que-demandan-a-la-afa-y-messi-en-miami-dicen-que-el-futbolista-de-la-seleccion-no-puede-lavarse-las-manos","status":"publish","type":"post","link":"https:\/\/masquenoticiastucuman.com.ar\/?p=61030","title":{"rendered":"Los abogados que demandan a la AFA y Messi en Miami dicen que el futbolista de la Selecci\u00f3n &#8220;no puede lavarse las manos&#8221;"},"content":{"rendered":"<ul>\n<li>El reclamo es por dos amistosos que se hicieron en octubre y el 10 falt\u00f3 a uno de ellos.<\/li>\n<li>En conferencia dijeron que el contrato ten\u00eda una &#8220;cl\u00e1usula Messi&#8221; aunque el futbolista no lo firm\u00f3.<\/li>\n<li>La presentaci\u00f3n judicial es por millones de indemnizaci\u00f3n e incluye delitos de fraude y conspiraci\u00f3n.<\/li>\n<\/ul>\n<p>\u200bEl reclamo es por dos amistosos que se hicieron en octubre y el 10 falt\u00f3 a uno de ellos.En conferencia dijeron que el contrato ten\u00eda una &#8220;cl\u00e1usula Messi&#8221; aunque el futbolista no lo firm\u00f3.La presentaci\u00f3n judicial es por millones de indemnizaci\u00f3n e incluye delitos de fraude y conspiraci\u00f3n.\u00a0<a href=\"https:\/\/www.clarin.com\/deportes\/abogados-demandan-afa-messi-miami-dicen-futbolista-seleccion-puede-lavarse-manos_0_PFLrDTUlBT.html\" target=\"_blank\" class=\"feedzy-rss-link-icon\">Read More<\/a><\/p>","protected":false},"excerpt":{"rendered":"<p>El reclamo es por dos amistosos que se hicieron en octubre y el 10 falt\u00f3&#8230;<\/p>\n","protected":false},"author":1,"featured_media":0,"comment_status":"open","ping_status":"open","sticky":false,"template":"","format":"standard","meta":{"footnotes":""},"categories":[6],"tags":[],"class_list":["post-61030","post","type-post","status-publish","format-standard","has-post-thumbnail","hentry","category-deportes"],"_links":{"self":[{"href":"https:\/\/masquenoticiastucuman.com.ar\/index.php?rest_route=\/wp\/v2\/posts\/61030","targetHints":{"allow":["GET"]}}],"collection":[{"href":"https:\/\/masquenoticiastucuman.com.ar\/index.php?rest_route=\/wp\/v2\/posts"}],"about":[{"href":"https:\/\/masquenoticiastucuman.com.ar\/index.php?rest_route=\/wp\/v2\/types\/post"}],"author":[{"embeddable":true,"href":"https:\/\/masquenoticiastucuman.com.ar\/index.php?rest_route=\/wp\/v2\/users\/1"}],"replies":[{"embeddable":true,"href":"https:\/\/masquenoticiastucuman.com.ar\/index.php?rest_route=%2Fwp%2Fv2%2Fcomments&post=61030"}],"version-history":[{"count":0,"href":"https:\/\/masquenoticiastucuman.com.ar\/index.php?rest_route=\/wp\/v2\/posts\/61030\/revisions"}],"wp:attachment":[{"href":"https:\/\/masquenoticiastucuman.com.ar\/index.php?rest_route=%2Fwp%2Fv2%2Fmedia&parent=61030"}],"wp:term":[{"taxonomy":"category","embeddable":true,"href":"https:\/\/masquenoticiastucuman.com.ar\/index.php?rest_route=%2Fwp%2Fv2%2Fcategories&post=61030"},{"taxonomy":"post_tag","embeddable":true,"href":"https:\/\/masquenoticiastucuman.com.ar\/index.php?rest_route=%2Fwp%2Fv2%2Ftags&post=61030"}],"curies":[{"name":"wp","href":"https:\/\/api.w.org\/{rel}","templated":true}]}}