{"id":61031,"date":"2026-04-21T20:44:49","date_gmt":"2026-04-21T23:44:49","guid":{"rendered":"http:\/\/masquenoticiastucuman.com.ar\/?p=61031"},"modified":"2026-04-21T20:44:49","modified_gmt":"2026-04-21T23:44:49","slug":"el-fbi-investiga-si-existe-relacion-entre-la-muerte-o-desaparicion-de-11-cientificos-de-tecnologia-nuclear","status":"publish","type":"post","link":"https:\/\/masquenoticiastucuman.com.ar\/?p=61031","title":{"rendered":"El FBI investiga si existe relaci\u00f3n entre la muerte o desaparici\u00f3n de 11 cient\u00edficos de tecnolog\u00eda nuclear"},"content":{"rendered":"<ul>\n<li>La agencia de investigaci\u00f3n estadounidense apunta a establecer si existieron &#8220;conexiones&#8221; entre los casos.<\/li>\n<li>El presidente Donald Trump consider\u00f3 que se trata de &#8220;un asunto bastante serio&#8221;.<\/li>\n<\/ul>\n<p>\u200bLa agencia de investigaci\u00f3n estadounidense apunta a establecer si existieron &#8220;conexiones&#8221; entre los casos.El presidente Donald Trump consider\u00f3 que se trata de &#8220;un asunto bastante serio&#8221;.\u00a0<a href=\"https:\/\/www.clarin.com\/mundo\/fbi-investiga-existe-relacion-muerte-desaparicion-11-cientificos-tecnologia-nuclear_0_XGuvnkN63H.html\" target=\"_blank\" class=\"feedzy-rss-link-icon\">Read More<\/a><\/p>","protected":false},"excerpt":{"rendered":"<p>La agencia de investigaci\u00f3n estadounidense apunta a establecer si existieron &#8220;conexiones&#8221; entre los casos. El&#8230;<\/p>\n","protected":false},"author":1,"featured_media":61032,"comment_status":"open","ping_status":"open","sticky":false,"template":"","format":"standard","meta":{"footnotes":""},"categories":[4],"tags":[],"class_list":["post-61031","post","type-post","status-publish","format-standard","has-post-thumbnail","hentry","category-internacionales"],"_links":{"self":[{"href":"https:\/\/masquenoticiastucuman.com.ar\/index.php?rest_route=\/wp\/v2\/posts\/61031","targetHints":{"allow":["GET"]}}],"collection":[{"href":"https:\/\/masquenoticiastucuman.com.ar\/index.php?rest_route=\/wp\/v2\/posts"}],"about":[{"href":"https:\/\/masquenoticiastucuman.com.ar\/index.php?rest_route=\/wp\/v2\/types\/post"}],"author":[{"embeddable":true,"href":"https:\/\/masquenoticiastucuman.com.ar\/index.php?rest_route=\/wp\/v2\/users\/1"}],"replies":[{"embeddable":true,"href":"https:\/\/masquenoticiastucuman.com.ar\/index.php?rest_route=%2Fwp%2Fv2%2Fcomments&post=61031"}],"version-history":[{"count":0,"href":"https:\/\/masquenoticiastucuman.com.ar\/index.php?rest_route=\/wp\/v2\/posts\/61031\/revisions"}],"wp:featuredmedia":[{"embeddable":true,"href":"https:\/\/masquenoticiastucuman.com.ar\/index.php?rest_route=\/wp\/v2\/media\/61032"}],"wp:attachment":[{"href":"https:\/\/masquenoticiastucuman.com.ar\/index.php?rest_route=%2Fwp%2Fv2%2Fmedia&parent=61031"}],"wp:term":[{"taxonomy":"category","embeddable":true,"href":"https:\/\/masquenoticiastucuman.com.ar\/index.php?rest_route=%2Fwp%2Fv2%2Fcategories&post=61031"},{"taxonomy":"post_tag","embeddable":true,"href":"https:\/\/masquenoticiastucuman.com.ar\/index.php?rest_route=%2Fwp%2Fv2%2Ftags&post=61031"}],"curies":[{"name":"wp","href":"https:\/\/api.w.org\/{rel}","templated":true}]}}