{"id":61033,"date":"2026-04-21T20:26:10","date_gmt":"2026-04-21T23:26:10","guid":{"rendered":"http:\/\/masquenoticiastucuman.com.ar\/?p=61033"},"modified":"2026-04-21T20:26:10","modified_gmt":"2026-04-21T23:26:10","slug":"estados-unidos-crea-una-fuerza-de-guerra-basada-en-inteligencia-artificial-en-america-latina","status":"publish","type":"post","link":"https:\/\/masquenoticiastucuman.com.ar\/?p=61033","title":{"rendered":"Estados Unidos crea una fuerza de guerra basada en inteligencia artificial en Am\u00e9rica latina"},"content":{"rendered":"<ul>\n<li>La nueva divisi\u00f3n se dedicar\u00e1 al empleo de &#8220;plataformas y sistemas aut\u00f3nomos, semiaut\u00f3nomos y no tripulados&#8221;, explic\u00f3 un comunicado del Ej\u00e9rcito.<\/li>\n<li>Entre otras cosas, busca colaborar en la desarticulaci\u00f3n de redes de narcotr\u00e1fico.<\/li>\n<\/ul>\n<p>\u200bLa nueva divisi\u00f3n se dedicar\u00e1 al empleo de &#8220;plataformas y sistemas aut\u00f3nomos, semiaut\u00f3nomos y no tripulados&#8221;, explic\u00f3 un comunicado del Ej\u00e9rcito.Entre otras cosas, busca colaborar en la desarticulaci\u00f3n de redes de narcotr\u00e1fico.\u00a0<a href=\"https:\/\/www.clarin.com\/mundo\/estados-unidos-crea-fuerza-guerra-basada-inteligencia-artificial-america-latina_0_IKeUdTD3XF.html\" target=\"_blank\" class=\"feedzy-rss-link-icon\">Read More<\/a><\/p>","protected":false},"excerpt":{"rendered":"<p>La nueva divisi\u00f3n se dedicar\u00e1 al empleo de &#8220;plataformas y sistemas aut\u00f3nomos, semiaut\u00f3nomos y no&#8230;<\/p>\n","protected":false},"author":1,"featured_media":61034,"comment_status":"open","ping_status":"open","sticky":false,"template":"","format":"standard","meta":{"footnotes":""},"categories":[4],"tags":[],"class_list":["post-61033","post","type-post","status-publish","format-standard","has-post-thumbnail","hentry","category-internacionales"],"_links":{"self":[{"href":"https:\/\/masquenoticiastucuman.com.ar\/index.php?rest_route=\/wp\/v2\/posts\/61033","targetHints":{"allow":["GET"]}}],"collection":[{"href":"https:\/\/masquenoticiastucuman.com.ar\/index.php?rest_route=\/wp\/v2\/posts"}],"about":[{"href":"https:\/\/masquenoticiastucuman.com.ar\/index.php?rest_route=\/wp\/v2\/types\/post"}],"author":[{"embeddable":true,"href":"https:\/\/masquenoticiastucuman.com.ar\/index.php?rest_route=\/wp\/v2\/users\/1"}],"replies":[{"embeddable":true,"href":"https:\/\/masquenoticiastucuman.com.ar\/index.php?rest_route=%2Fwp%2Fv2%2Fcomments&post=61033"}],"version-history":[{"count":0,"href":"https:\/\/masquenoticiastucuman.com.ar\/index.php?rest_route=\/wp\/v2\/posts\/61033\/revisions"}],"wp:featuredmedia":[{"embeddable":true,"href":"https:\/\/masquenoticiastucuman.com.ar\/index.php?rest_route=\/wp\/v2\/media\/61034"}],"wp:attachment":[{"href":"https:\/\/masquenoticiastucuman.com.ar\/index.php?rest_route=%2Fwp%2Fv2%2Fmedia&parent=61033"}],"wp:term":[{"taxonomy":"category","embeddable":true,"href":"https:\/\/masquenoticiastucuman.com.ar\/index.php?rest_route=%2Fwp%2Fv2%2Fcategories&post=61033"},{"taxonomy":"post_tag","embeddable":true,"href":"https:\/\/masquenoticiastucuman.com.ar\/index.php?rest_route=%2Fwp%2Fv2%2Ftags&post=61033"}],"curies":[{"name":"wp","href":"https:\/\/api.w.org\/{rel}","templated":true}]}}