{"id":61035,"date":"2026-04-21T21:38:09","date_gmt":"2026-04-22T00:38:09","guid":{"rendered":"http:\/\/masquenoticiastucuman.com.ar\/?p=61035"},"modified":"2026-04-21T21:38:09","modified_gmt":"2026-04-22T00:38:09","slug":"las-privatizaciones-de-rutas-de-buenos-aires-y-la-pampa-ya-tienen-nuevos-peajes-quienes-son-los-ganadores","status":"publish","type":"post","link":"https:\/\/masquenoticiastucuman.com.ar\/?p=61035","title":{"rendered":"Las privatizaciones de rutas de Buenos Aires y La Pampa ya tienen nuevos peajes: qui\u00e9nes son los ganadores"},"content":{"rendered":"<ul>\n<li>Las rutas 3, 205, 226 y las autopistas Ricchieri, Newbery y Ezeiza-Ca\u00f1uelas tendr\u00e1n tarifas de $ 997 m\u00e1s IVA.<\/li>\n<li>En tanto, en la ruta 5, de Luj\u00e1n hasta Santa Rosa, se cobrar\u00e1 $ 2.355 m\u00e1s IVA.<\/li>\n<li>Los ganadores no son grandes grupos y superaron econ\u00f3micamente a los Roggio, Panedile (de Hugo Dragonetti) y a Crist\u00f3bal L\u00f3pez.<\/li>\n<\/ul>\n<p>\u200bLas rutas 3, 205, 226 y las autopistas Ricchieri, Newbery y Ezeiza-Ca\u00f1uelas tendr\u00e1n tarifas de $ 997 m\u00e1s IVA.En tanto, en la ruta 5, de Luj\u00e1n hasta Santa Rosa, se cobrar\u00e1 $ 2.355 m\u00e1s IVA.Los ganadores no son grandes grupos y superaron econ\u00f3micamente a los Roggio, Panedile (de Hugo Dragonetti) y a Crist\u00f3bal L\u00f3pez.\u00a0<a href=\"https:\/\/www.clarin.com\/economia\/privatizaciones-rutas-buenos-aires-pampa-nuevos-peajes-ganadores_0_L0RueY1xH5.html\" target=\"_blank\" class=\"feedzy-rss-link-icon\">Read More<\/a><\/p>","protected":false},"excerpt":{"rendered":"<p>Las rutas 3, 205, 226 y las autopistas Ricchieri, Newbery y Ezeiza-Ca\u00f1uelas tendr\u00e1n tarifas de&#8230;<\/p>\n","protected":false},"author":1,"featured_media":0,"comment_status":"open","ping_status":"open","sticky":false,"template":"","format":"standard","meta":{"footnotes":""},"categories":[3],"tags":[],"class_list":["post-61035","post","type-post","status-publish","format-standard","has-post-thumbnail","hentry","category-nacionales"],"_links":{"self":[{"href":"https:\/\/masquenoticiastucuman.com.ar\/index.php?rest_route=\/wp\/v2\/posts\/61035","targetHints":{"allow":["GET"]}}],"collection":[{"href":"https:\/\/masquenoticiastucuman.com.ar\/index.php?rest_route=\/wp\/v2\/posts"}],"about":[{"href":"https:\/\/masquenoticiastucuman.com.ar\/index.php?rest_route=\/wp\/v2\/types\/post"}],"author":[{"embeddable":true,"href":"https:\/\/masquenoticiastucuman.com.ar\/index.php?rest_route=\/wp\/v2\/users\/1"}],"replies":[{"embeddable":true,"href":"https:\/\/masquenoticiastucuman.com.ar\/index.php?rest_route=%2Fwp%2Fv2%2Fcomments&post=61035"}],"version-history":[{"count":0,"href":"https:\/\/masquenoticiastucuman.com.ar\/index.php?rest_route=\/wp\/v2\/posts\/61035\/revisions"}],"wp:attachment":[{"href":"https:\/\/masquenoticiastucuman.com.ar\/index.php?rest_route=%2Fwp%2Fv2%2Fmedia&parent=61035"}],"wp:term":[{"taxonomy":"category","embeddable":true,"href":"https:\/\/masquenoticiastucuman.com.ar\/index.php?rest_route=%2Fwp%2Fv2%2Fcategories&post=61035"},{"taxonomy":"post_tag","embeddable":true,"href":"https:\/\/masquenoticiastucuman.com.ar\/index.php?rest_route=%2Fwp%2Fv2%2Ftags&post=61035"}],"curies":[{"name":"wp","href":"https:\/\/api.w.org\/{rel}","templated":true}]}}