{"id":61036,"date":"2026-04-21T21:08:54","date_gmt":"2026-04-22T00:08:54","guid":{"rendered":"http:\/\/masquenoticiastucuman.com.ar\/?p=61036"},"modified":"2026-04-21T21:08:54","modified_gmt":"2026-04-22T00:08:54","slug":"lufthansa-cancela-20-000-vuelos-para-ahorrar-combustible-ante-una-posible-escasez-por-el-bloqueo-del-estrecho-de-ormuz","status":"publish","type":"post","link":"https:\/\/masquenoticiastucuman.com.ar\/?p=61036","title":{"rendered":"Lufthansa cancela 20.000 vuelos para ahorrar combustible ante una posible escasez por el bloqueo del Estrecho de Ormuz"},"content":{"rendered":"<ul>\n<li>Son servicios de corta distancia y algunas rutas europeas.<\/li>\n<li>Con la medida, la compa\u00f1\u00eda busca garantizar la provisi\u00f3n para el resto de sus servicios ante la incertidumbre de la provisi\u00f3n por la guerra en Medio Oriente.<\/li>\n<\/ul>\n<p>\u200bSon servicios de corta distancia y algunas rutas europeas.Con la medida, la compa\u00f1\u00eda busca garantizar la provisi\u00f3n para el resto de sus servicios ante la incertidumbre de la provisi\u00f3n por la guerra en Medio Oriente.\u00a0<a href=\"https:\/\/www.clarin.com\/mundo\/lufthansa-cancela-20000-vuelos-ahorrar-combustible-posible-escasez-bloqueo-estrecho-ormuz_0_SC6eFQAA5g.html\" target=\"_blank\" class=\"feedzy-rss-link-icon\">Read More<\/a><\/p>","protected":false},"excerpt":{"rendered":"<p>Son servicios de corta distancia y algunas rutas europeas. Con la medida, la compa\u00f1\u00eda busca&#8230;<\/p>\n","protected":false},"author":1,"featured_media":61037,"comment_status":"open","ping_status":"open","sticky":false,"template":"","format":"standard","meta":{"footnotes":""},"categories":[4],"tags":[],"class_list":["post-61036","post","type-post","status-publish","format-standard","has-post-thumbnail","hentry","category-internacionales"],"_links":{"self":[{"href":"https:\/\/masquenoticiastucuman.com.ar\/index.php?rest_route=\/wp\/v2\/posts\/61036","targetHints":{"allow":["GET"]}}],"collection":[{"href":"https:\/\/masquenoticiastucuman.com.ar\/index.php?rest_route=\/wp\/v2\/posts"}],"about":[{"href":"https:\/\/masquenoticiastucuman.com.ar\/index.php?rest_route=\/wp\/v2\/types\/post"}],"author":[{"embeddable":true,"href":"https:\/\/masquenoticiastucuman.com.ar\/index.php?rest_route=\/wp\/v2\/users\/1"}],"replies":[{"embeddable":true,"href":"https:\/\/masquenoticiastucuman.com.ar\/index.php?rest_route=%2Fwp%2Fv2%2Fcomments&post=61036"}],"version-history":[{"count":0,"href":"https:\/\/masquenoticiastucuman.com.ar\/index.php?rest_route=\/wp\/v2\/posts\/61036\/revisions"}],"wp:featuredmedia":[{"embeddable":true,"href":"https:\/\/masquenoticiastucuman.com.ar\/index.php?rest_route=\/wp\/v2\/media\/61037"}],"wp:attachment":[{"href":"https:\/\/masquenoticiastucuman.com.ar\/index.php?rest_route=%2Fwp%2Fv2%2Fmedia&parent=61036"}],"wp:term":[{"taxonomy":"category","embeddable":true,"href":"https:\/\/masquenoticiastucuman.com.ar\/index.php?rest_route=%2Fwp%2Fv2%2Fcategories&post=61036"},{"taxonomy":"post_tag","embeddable":true,"href":"https:\/\/masquenoticiastucuman.com.ar\/index.php?rest_route=%2Fwp%2Fv2%2Ftags&post=61036"}],"curies":[{"name":"wp","href":"https:\/\/api.w.org\/{rel}","templated":true}]}}