{"id":61039,"date":"2026-04-21T23:36:24","date_gmt":"2026-04-22T02:36:24","guid":{"rendered":"http:\/\/masquenoticiastucuman.com.ar\/?p=61039"},"modified":"2026-04-21T23:36:24","modified_gmt":"2026-04-22T02:36:24","slug":"la-tremenda-caida-de-cara-del-gigante-victor-wembanyama-que-estremecio-los-playoffs-de-la-nba","status":"publish","type":"post","link":"https:\/\/masquenoticiastucuman.com.ar\/?p=61039","title":{"rendered":"La tremenda ca\u00edda de cara del gigante Victor Wembanyama que estremeci\u00f3 los Playoffs de la NBA"},"content":{"rendered":"<ul>\n<li>El franc\u00e9s de San Antonio Spurs tuvo que abandonar el juego 2 vs Portland Trail Blazers por el protocolo de conmoci\u00f3n.<\/li>\n<li>Mir\u00e1 el video.<\/li>\n<\/ul>\n<p>\u200bEl franc\u00e9s de San Antonio Spurs tuvo que abandonar el juego 2 vs Portland Trail Blazers por el protocolo de conmoci\u00f3n.Mir\u00e1 el video.\u00a0<a href=\"https:\/\/www.clarin.com\/deportes\/tremenda-caida-cara-gigante-victor-wembanyama-estremecio-playoffs-nba_0_ZaDEv1QcA2.html\" target=\"_blank\" class=\"feedzy-rss-link-icon\">Read More<\/a><\/p>","protected":false},"excerpt":{"rendered":"<p>El franc\u00e9s de San Antonio Spurs tuvo que abandonar el juego 2 vs Portland Trail&#8230;<\/p>\n","protected":false},"author":1,"featured_media":0,"comment_status":"open","ping_status":"open","sticky":false,"template":"","format":"standard","meta":{"footnotes":""},"categories":[6],"tags":[],"class_list":["post-61039","post","type-post","status-publish","format-standard","has-post-thumbnail","hentry","category-deportes"],"_links":{"self":[{"href":"https:\/\/masquenoticiastucuman.com.ar\/index.php?rest_route=\/wp\/v2\/posts\/61039","targetHints":{"allow":["GET"]}}],"collection":[{"href":"https:\/\/masquenoticiastucuman.com.ar\/index.php?rest_route=\/wp\/v2\/posts"}],"about":[{"href":"https:\/\/masquenoticiastucuman.com.ar\/index.php?rest_route=\/wp\/v2\/types\/post"}],"author":[{"embeddable":true,"href":"https:\/\/masquenoticiastucuman.com.ar\/index.php?rest_route=\/wp\/v2\/users\/1"}],"replies":[{"embeddable":true,"href":"https:\/\/masquenoticiastucuman.com.ar\/index.php?rest_route=%2Fwp%2Fv2%2Fcomments&post=61039"}],"version-history":[{"count":0,"href":"https:\/\/masquenoticiastucuman.com.ar\/index.php?rest_route=\/wp\/v2\/posts\/61039\/revisions"}],"wp:attachment":[{"href":"https:\/\/masquenoticiastucuman.com.ar\/index.php?rest_route=%2Fwp%2Fv2%2Fmedia&parent=61039"}],"wp:term":[{"taxonomy":"category","embeddable":true,"href":"https:\/\/masquenoticiastucuman.com.ar\/index.php?rest_route=%2Fwp%2Fv2%2Fcategories&post=61039"},{"taxonomy":"post_tag","embeddable":true,"href":"https:\/\/masquenoticiastucuman.com.ar\/index.php?rest_route=%2Fwp%2Fv2%2Ftags&post=61039"}],"curies":[{"name":"wp","href":"https:\/\/api.w.org\/{rel}","templated":true}]}}